{"id":10059,"date":"2025-10-13T17:03:49","date_gmt":"2025-10-13T20:03:49","guid":{"rendered":"https:\/\/cipead.ufpr.br\/?p=10059"},"modified":"2025-10-13T17:03:49","modified_gmt":"2025-10-13T20:03:49","slug":"edital-no-34-2025-prova-de-titulos-resultado-preliminar-processo-seletivo-para-professor-de-curso-de-tecnologo-em-gestao-cultural-da-universidade-aberta-do-brasil-no-ambito-da-universidade-feder","status":"publish","type":"post","link":"https:\/\/cipead.ufpr.br\/index.php\/2025\/10\/13\/edital-no-34-2025-prova-de-titulos-resultado-preliminar-processo-seletivo-para-professor-de-curso-de-tecnologo-em-gestao-cultural-da-universidade-aberta-do-brasil-no-ambito-da-universidade-feder\/","title":{"rendered":"EDITAL N\u00ba 34\/2025 &#8211; PROVA DE T\u00cdTULOS &#8211; RESULTADO PRELIMINAR &#8211; PROCESSO SELETIVO PARA PROFESSOR DE CURSO DE TECN\u00d3LOGO EM GEST\u00c3O CULTURAL DA UNIVERSIDADE ABERTA DO BRASIL NO \u00c2MBITO DA UNIVERSIDADE FEDERAL DO PARAN\u00c1 (DISCIPLINA LEGISLA\u00c7\u00c3O E DIREITOS AUTORAIS)"},"content":{"rendered":"\n<p>A comiss\u00e3o de avalia\u00e7\u00e3o do processo seletivo com vistas \u00e0 sele\u00e7\u00e3o de Professor Formador I, no<br>\u00e2mbito do Curso tecn\u00f3logo em Gest\u00e3o Cultural, ofertado no \u00e2mbito da Universidade Aberta do<br>Brasil &#8211; UAB\/UFPR, ap\u00f3s an\u00e1lise dos documentos enviados pelos inscritos homologados e<br>atribui\u00e7\u00e3o da pontua\u00e7\u00e3o conforme etapa da prova de t\u00edtulos, conforme Edital n\u00ba 34\/2025<br>Processo n\u00ba 23075.044296\/2025-69, torna p\u00fablico o resultado preliminar. <\/p>\n\n\n\n<p><a href=\"https:\/\/cipead.ufpr.br\/wp-content\/uploads\/2025\/10\/SEI_8263826_Edital_34_2025.pdf\" data-type=\"link\" data-id=\"https:\/\/cipead.ufpr.br\/wp-content\/uploads\/2025\/10\/SEI_8263826_Edital_34_2025.pdf\" target=\"_blank\" rel=\"noreferrer noopener\">Clique aqui para acessar o edital.<\/a> <\/p>\n","protected":false},"excerpt":{"rendered":"<p>A comiss\u00e3o de avalia\u00e7\u00e3o do processo seletivo com vistas \u00e0 sele\u00e7\u00e3o de Professor Formador I, no\u00e2mbito do Curso tecn\u00f3logo em Gest\u00e3o Cultural, ofertado no \u00e2mbito da Universidade Aberta doBrasil &#8211; UAB\/UFPR, ap\u00f3s an\u00e1lise dos documentos enviados pelos inscritos homologados eatribui\u00e7\u00e3o&#8230; <a href=\"https:\/\/cipead.ufpr.br\/index.php\/2025\/10\/13\/edital-no-34-2025-prova-de-titulos-resultado-preliminar-processo-seletivo-para-professor-de-curso-de-tecnologo-em-gestao-cultural-da-universidade-aberta-do-brasil-no-ambito-da-universidade-feder\/\" class=\"readmore\">Leia mais&#8230;<span class=\"screen-reader-text\">EDITAL N\u00ba 34\/2025 &#8211; PROVA DE T\u00cdTULOS &#8211; RESULTADO PRELIMINAR &#8211; PROCESSO SELETIVO PARA PROFESSOR DE CURSO DE TECN\u00d3LOGO EM GEST\u00c3O CULTURAL DA UNIVERSIDADE ABERTA DO BRASIL NO \u00c2MBITO DA UNIVERSIDADE FEDERAL DO PARAN\u00c1 (DISCIPLINA LEGISLA\u00c7\u00c3O E DIREITOS AUTORAIS)<\/span><span class=\"fa fa-angle-double-right\" aria-hidden=\"true\"><\/span><\/a><\/p>\n","protected":false},"author":39,"featured_media":0,"comment_status":"closed","ping_status":"open","sticky":false,"template":"","format":"standard","meta":{"_eb_attr":"","footnotes":""},"categories":[149,150],"tags":[],"class_list":["post-10059","post","type-post","status-publish","format-standard","hentry","category-editais","category-resultados","content-layout-excerpt-thumb"],"_links":{"self":[{"href":"https:\/\/cipead.ufpr.br\/index.php\/wp-json\/wp\/v2\/posts\/10059","targetHints":{"allow":["GET"]}}],"collection":[{"href":"https:\/\/cipead.ufpr.br\/index.php\/wp-json\/wp\/v2\/posts"}],"about":[{"href":"https:\/\/cipead.ufpr.br\/index.php\/wp-json\/wp\/v2\/types\/post"}],"author":[{"embeddable":true,"href":"https:\/\/cipead.ufpr.br\/index.php\/wp-json\/wp\/v2\/users\/39"}],"replies":[{"embeddable":true,"href":"https:\/\/cipead.ufpr.br\/index.php\/wp-json\/wp\/v2\/comments?post=10059"}],"version-history":[{"count":1,"href":"https:\/\/cipead.ufpr.br\/index.php\/wp-json\/wp\/v2\/posts\/10059\/revisions"}],"predecessor-version":[{"id":10061,"href":"https:\/\/cipead.ufpr.br\/index.php\/wp-json\/wp\/v2\/posts\/10059\/revisions\/10061"}],"wp:attachment":[{"href":"https:\/\/cipead.ufpr.br\/index.php\/wp-json\/wp\/v2\/media?parent=10059"}],"wp:term":[{"taxonomy":"category","embeddable":true,"href":"https:\/\/cipead.ufpr.br\/index.php\/wp-json\/wp\/v2\/categories?post=10059"},{"taxonomy":"post_tag","embeddable":true,"href":"https:\/\/cipead.ufpr.br\/index.php\/wp-json\/wp\/v2\/tags?post=10059"}],"curies":[{"name":"wp","href":"https:\/\/api.w.org\/{rel}","templated":true}]}}