{"id":10198,"date":"2025-10-23T17:49:54","date_gmt":"2025-10-23T20:49:54","guid":{"rendered":"https:\/\/cipead.ufpr.br\/?p=10198"},"modified":"2025-10-23T17:50:34","modified_gmt":"2025-10-23T20:50:34","slug":"edital-no-41-2025-processo-seletivo-para-tutoria-de-cursos-ead-da-universidade-aberta-do-brasil-no-ambito-da-universidade-federal-do-parana-curso-de-especializacao-em-educacao-para-as-relacoes-rac","status":"publish","type":"post","link":"https:\/\/cipead.ufpr.br\/index.php\/2025\/10\/23\/edital-no-41-2025-processo-seletivo-para-tutoria-de-cursos-ead-da-universidade-aberta-do-brasil-no-ambito-da-universidade-federal-do-parana-curso-de-especializacao-em-educacao-para-as-relacoes-rac\/","title":{"rendered":"EDITAL N\u00ba 41\/2025 &#8211; PROCESSO SELETIVO PARA TUTORIA DE CURSOS EAD DA UNIVERSIDADE ABERTA DO BRASIL NO \u00c2MBITO DA UNIVERSIDADE FEDERAL DO PARAN\u00c1 &#8211; CURSO DE ESPECIALIZA\u00c7\u00c3O EM EDUCA\u00c7\u00c3O PARA AS RELA\u00c7\u00d5ES RACIAIS E DIVERSIDADE EM CONTEXTOS ESCOLARES &#8211; MODALIDADE A DIST\u00c2NCIA &#8211; ANULA\u00c7\u00c3O DO EDITAL."},"content":{"rendered":"\n<p>A Universidade Federal do Paran\u00e1 (UFPR), Institui\u00e7\u00e3o de Ensino Superior integrante do Sistema Federal de Ensino e participante do Programa Universidade Aberta do Brasil (UAB), institu\u00eddo pelo Minist\u00e9rio da Educa\u00e7\u00e3o (MEC) com o objetivo de promover a oferta de educa\u00e7\u00e3o superior p\u00fablica, gratuita e de qualidade em todo o territ\u00f3rio nacional, torna p\u00fablico o presente Edital, que disp\u00f5e sobre a anula\u00e7\u00e3o do processo seletivo para tutores para atua\u00e7\u00e3o no curso de Especializa\u00e7\u00e3o em Educa\u00e7\u00e3o para as Rela\u00e7\u00f5es Raciais e Diversidade em Contextos Escolares, ofertado no \u00e2mbito do Sistema UAB\/UFPR, com o apoio da Superintend\u00eancia de Educa\u00e7\u00e3o a Dist\u00e2ncia e Inova\u00e7\u00f5es Pedag\u00f3gicas (SEaDIP\/UFPR), em conformidade com a Portaria CAPES n\u00ba 309, de 27 de setembro de 2024.<\/p>\n\n\n\n<p><a href=\"https:\/\/cipead.ufpr.br\/wp-content\/uploads\/2025\/10\/SEI_8307726_Edital_41_2025-1.pdf\" target=\"_blank\" rel=\"noreferrer noopener\">Clique aqui para ler o edital<\/a><\/p>\n","protected":false},"excerpt":{"rendered":"<p>A Universidade Federal do Paran\u00e1 (UFPR), Institui\u00e7\u00e3o de Ensino Superior integrante do Sistema Federal de Ensino e participante do Programa Universidade Aberta do Brasil (UAB), institu\u00eddo pelo Minist\u00e9rio da Educa\u00e7\u00e3o (MEC) com o objetivo de promover a oferta de educa\u00e7\u00e3o&#8230; <a href=\"https:\/\/cipead.ufpr.br\/index.php\/2025\/10\/23\/edital-no-41-2025-processo-seletivo-para-tutoria-de-cursos-ead-da-universidade-aberta-do-brasil-no-ambito-da-universidade-federal-do-parana-curso-de-especializacao-em-educacao-para-as-relacoes-rac\/\" class=\"readmore\">Leia mais&#8230;<span class=\"screen-reader-text\">EDITAL N\u00ba 41\/2025 &#8211; PROCESSO SELETIVO PARA TUTORIA DE CURSOS EAD DA UNIVERSIDADE ABERTA DO BRASIL NO \u00c2MBITO DA UNIVERSIDADE FEDERAL DO PARAN\u00c1 &#8211; CURSO DE ESPECIALIZA\u00c7\u00c3O EM EDUCA\u00c7\u00c3O PARA AS RELA\u00c7\u00d5ES RACIAIS E DIVERSIDADE EM CONTEXTOS ESCOLARES &#8211; MODALIDADE A DIST\u00c2NCIA &#8211; ANULA\u00c7\u00c3O DO EDITAL.<\/span><span class=\"fa fa-angle-double-right\" aria-hidden=\"true\"><\/span><\/a><\/p>\n","protected":false},"author":45,"featured_media":0,"comment_status":"closed","ping_status":"open","sticky":false,"template":"","format":"standard","meta":{"_eb_attr":"","footnotes":""},"categories":[159,149,150],"tags":[],"class_list":["post-10198","post","type-post","status-publish","format-standard","hentry","category-anulacao","category-editais","category-resultados","content-layout-excerpt-thumb"],"_links":{"self":[{"href":"https:\/\/cipead.ufpr.br\/index.php\/wp-json\/wp\/v2\/posts\/10198","targetHints":{"allow":["GET"]}}],"collection":[{"href":"https:\/\/cipead.ufpr.br\/index.php\/wp-json\/wp\/v2\/posts"}],"about":[{"href":"https:\/\/cipead.ufpr.br\/index.php\/wp-json\/wp\/v2\/types\/post"}],"author":[{"embeddable":true,"href":"https:\/\/cipead.ufpr.br\/index.php\/wp-json\/wp\/v2\/users\/45"}],"replies":[{"embeddable":true,"href":"https:\/\/cipead.ufpr.br\/index.php\/wp-json\/wp\/v2\/comments?post=10198"}],"version-history":[{"count":1,"href":"https:\/\/cipead.ufpr.br\/index.php\/wp-json\/wp\/v2\/posts\/10198\/revisions"}],"predecessor-version":[{"id":10201,"href":"https:\/\/cipead.ufpr.br\/index.php\/wp-json\/wp\/v2\/posts\/10198\/revisions\/10201"}],"wp:attachment":[{"href":"https:\/\/cipead.ufpr.br\/index.php\/wp-json\/wp\/v2\/media?parent=10198"}],"wp:term":[{"taxonomy":"category","embeddable":true,"href":"https:\/\/cipead.ufpr.br\/index.php\/wp-json\/wp\/v2\/categories?post=10198"},{"taxonomy":"post_tag","embeddable":true,"href":"https:\/\/cipead.ufpr.br\/index.php\/wp-json\/wp\/v2\/tags?post=10198"}],"curies":[{"name":"wp","href":"https:\/\/api.w.org\/{rel}","templated":true}]}}