{"id":10426,"date":"2025-12-01T16:06:35","date_gmt":"2025-12-01T19:06:35","guid":{"rendered":"https:\/\/cipead.ufpr.br\/?p=10426"},"modified":"2025-12-01T16:08:42","modified_gmt":"2025-12-01T19:08:42","slug":"edital-no-35-2025-resultado-preliminar-das-inscricoes-homologadas-processo-seletivo-para-professor-formador-i-para-o-curso-de-especializacao-em-educacao-para-as-relacoes-raciais-e-diversidade-em-c-2","status":"publish","type":"post","link":"https:\/\/cipead.ufpr.br\/index.php\/2025\/12\/01\/edital-no-35-2025-resultado-preliminar-das-inscricoes-homologadas-processo-seletivo-para-professor-formador-i-para-o-curso-de-especializacao-em-educacao-para-as-relacoes-raciais-e-diversidade-em-c-2\/","title":{"rendered":"EDITAL N\u00ba 24\/2025 &#8211; RESULTADO PRELIMINAR &#8211; PROCESSO SELETIVO PARA TUTORIA DO CURSO DE ESPECIALIZA\u00c7\u00c3O EMGEST\u00c3O EM SA\u00daDE DA UNIVERSIDADE ABERTA DO BRASIL NO A\u0302MBITO DAUNIVERSIDADE FEDERAL DO PARANA"},"content":{"rendered":"\n<p>A Universidade Federal do Paran\u00e1 \u2013 (UFPR), Institui\u00e7\u00e3o de Ensino Superior integrante do Sistema Federal de Ensino, participante do programa de forma\u00e7\u00e3o a dist\u00e2ncia institu\u00eddo pelo Minist\u00e9rio da Educa\u00e7\u00e3o\/MEC para a oferta do ensino superior gratuito e de qualidade no Brasil, torna p\u00fablica resultado preliminar do Edital de sele\u00e7\u00e3o de tutoria Curso de Especializa\u00e7\u00e3o em Gest\u00e3o em Sa\u00fade da Universidade Aberta do Brasil, no a\u0302mbito da Universidade Federal do Paran\u00e1, oferecidos com o apoio da Superintend\u00eancia de Educa\u00e7\u00e3o a Dist\u00e2ncia e Inova\u00e7\u00f5es Pedag\u00f3gicas (SEaDIP\/UFPR), em conformidade com a Portaria CAPES n\u00ba 309, de 27 de setembro de 2024<\/p>\n\n\n\n<p><a href=\"https:\/\/cipead.ufpr.br\/wp-content\/uploads\/2025\/12\/SEI_8420255_Edital_24-2.pdf\" target=\"_blank\" rel=\"noreferrer noopener\">Clique aqui para acessar o edital.<\/a><\/p>\n","protected":false},"excerpt":{"rendered":"<p>A Universidade Federal do Paran\u00e1 \u2013 (UFPR), Institui\u00e7\u00e3o de Ensino Superior integrante do Sistema Federal de Ensino, participante do programa de forma\u00e7\u00e3o a dist\u00e2ncia institu\u00eddo pelo Minist\u00e9rio da Educa\u00e7\u00e3o\/MEC para a oferta do ensino superior gratuito e de qualidade no&#8230; <a href=\"https:\/\/cipead.ufpr.br\/index.php\/2025\/12\/01\/edital-no-35-2025-resultado-preliminar-das-inscricoes-homologadas-processo-seletivo-para-professor-formador-i-para-o-curso-de-especializacao-em-educacao-para-as-relacoes-raciais-e-diversidade-em-c-2\/\" class=\"readmore\">Leia mais&#8230;<span class=\"screen-reader-text\">EDITAL N\u00ba 24\/2025 &#8211; RESULTADO PRELIMINAR &#8211; PROCESSO SELETIVO PARA TUTORIA DO CURSO DE ESPECIALIZA\u00c7\u00c3O EMGEST\u00c3O EM SA\u00daDE DA UNIVERSIDADE ABERTA DO BRASIL NO A\u0302MBITO DAUNIVERSIDADE FEDERAL DO PARANA<\/span><span class=\"fa fa-angle-double-right\" aria-hidden=\"true\"><\/span><\/a><\/p>\n","protected":false},"author":39,"featured_media":0,"comment_status":"closed","ping_status":"open","sticky":false,"template":"","format":"standard","meta":{"_eb_attr":"","footnotes":""},"categories":[149,150],"tags":[],"class_list":["post-10426","post","type-post","status-publish","format-standard","hentry","category-editais","category-resultados","content-layout-excerpt-thumb"],"_links":{"self":[{"href":"https:\/\/cipead.ufpr.br\/index.php\/wp-json\/wp\/v2\/posts\/10426","targetHints":{"allow":["GET"]}}],"collection":[{"href":"https:\/\/cipead.ufpr.br\/index.php\/wp-json\/wp\/v2\/posts"}],"about":[{"href":"https:\/\/cipead.ufpr.br\/index.php\/wp-json\/wp\/v2\/types\/post"}],"author":[{"embeddable":true,"href":"https:\/\/cipead.ufpr.br\/index.php\/wp-json\/wp\/v2\/users\/39"}],"replies":[{"embeddable":true,"href":"https:\/\/cipead.ufpr.br\/index.php\/wp-json\/wp\/v2\/comments?post=10426"}],"version-history":[{"count":2,"href":"https:\/\/cipead.ufpr.br\/index.php\/wp-json\/wp\/v2\/posts\/10426\/revisions"}],"predecessor-version":[{"id":10431,"href":"https:\/\/cipead.ufpr.br\/index.php\/wp-json\/wp\/v2\/posts\/10426\/revisions\/10431"}],"wp:attachment":[{"href":"https:\/\/cipead.ufpr.br\/index.php\/wp-json\/wp\/v2\/media?parent=10426"}],"wp:term":[{"taxonomy":"category","embeddable":true,"href":"https:\/\/cipead.ufpr.br\/index.php\/wp-json\/wp\/v2\/categories?post=10426"},{"taxonomy":"post_tag","embeddable":true,"href":"https:\/\/cipead.ufpr.br\/index.php\/wp-json\/wp\/v2\/tags?post=10426"}],"curies":[{"name":"wp","href":"https:\/\/api.w.org\/{rel}","templated":true}]}}