{"id":5276,"date":"2022-04-04T17:29:37","date_gmt":"2022-04-04T20:29:37","guid":{"rendered":"https:\/\/cipead.ufpr.br\/?p=5276"},"modified":"2025-03-25T11:17:59","modified_gmt":"2025-03-25T14:17:59","slug":"cipead-visita-setor-da-ufpr-litoral-em-matinhos","status":"publish","type":"post","link":"https:\/\/cipead.ufpr.br\/index.php\/2022\/04\/04\/cipead-visita-setor-da-ufpr-litoral-em-matinhos\/","title":{"rendered":"Cipead visita setor da UFPR Litoral em Matinhos"},"content":{"rendered":"<p>A CIPEAD (Coordenadoria de Integra\u00e7\u00e3o de Pol\u00edticas de Educa\u00e7\u00e3o a Dist\u00e2ncia), em comitiva com a PROGRAD (Pr\u00f3-Reitoria de Gradua\u00e7\u00e3o e Educa\u00e7\u00e3o Profissional), visitou na \u00faltima sexta-feira, 1\u00ba de abril de 2022, o Setor Litoral da UFPR (Universidade Federal do Paran\u00e1), em Matinhos. A programa\u00e7\u00e3o foi conduzida pelo Integra, com a visita da Reitoria da universidade ao Setor, contando com a participa\u00e7\u00e3o das Pr\u00f3-Reitorias e Superintend\u00eancias da UFPR ao longo da semana.<\/p>\n<p>Al\u00e9m da visita, foram discutidas com a comunidade do Setor as particularidades do local, a fim de escutar as necessidades impostas pela dist\u00e2ncia em rela\u00e7\u00e3o a outros campi da UFPR. Tamb\u00e9m foram apresentadas as coordenadorias que comp\u00f5em a PROGRAD e os servi\u00e7os prestados por cada uma delas, al\u00e9m de conversas sobre o fortalecimento do NTE (N\u00facleo de Tecnologia Educacional) do Setor Litoral que, recentemente, mudou de sala. A UFPR tamb\u00e9m possui setores em Palotina e Jandaia do Sul.<\/p>\n<p>&nbsp;<\/p>\n<p>&nbsp;<\/p>\n<p>&nbsp;<\/p>\n","protected":false},"excerpt":{"rendered":"<p>A CIPEAD (Coordenadoria de Integra\u00e7\u00e3o de Pol\u00edticas de Educa\u00e7\u00e3o a Dist\u00e2ncia), em comitiva com a PROGRAD (Pr\u00f3-Reitoria de Gradua\u00e7\u00e3o e Educa\u00e7\u00e3o Profissional), visitou na \u00faltima sexta-feira, 1\u00ba de abril de 2022, o Setor Litoral da UFPR (Universidade Federal do Paran\u00e1),&#8230; <a href=\"https:\/\/cipead.ufpr.br\/index.php\/2022\/04\/04\/cipead-visita-setor-da-ufpr-litoral-em-matinhos\/\" class=\"readmore\">Leia mais&#8230;<span class=\"screen-reader-text\">Cipead visita setor da UFPR Litoral em Matinhos<\/span><span class=\"fa fa-angle-double-right\" aria-hidden=\"true\"><\/span><\/a><\/p>\n","protected":false},"author":1,"featured_media":0,"comment_status":"closed","ping_status":"open","sticky":false,"template":"","format":"standard","meta":{"_eb_attr":"","footnotes":""},"categories":[85],"tags":[],"class_list":["post-5276","post","type-post","status-publish","format-standard","hentry","category-ultimas-noticias","content-layout-excerpt-thumb"],"_links":{"self":[{"href":"https:\/\/cipead.ufpr.br\/index.php\/wp-json\/wp\/v2\/posts\/5276","targetHints":{"allow":["GET"]}}],"collection":[{"href":"https:\/\/cipead.ufpr.br\/index.php\/wp-json\/wp\/v2\/posts"}],"about":[{"href":"https:\/\/cipead.ufpr.br\/index.php\/wp-json\/wp\/v2\/types\/post"}],"author":[{"embeddable":true,"href":"https:\/\/cipead.ufpr.br\/index.php\/wp-json\/wp\/v2\/users\/1"}],"replies":[{"embeddable":true,"href":"https:\/\/cipead.ufpr.br\/index.php\/wp-json\/wp\/v2\/comments?post=5276"}],"version-history":[{"count":7,"href":"https:\/\/cipead.ufpr.br\/index.php\/wp-json\/wp\/v2\/posts\/5276\/revisions"}],"predecessor-version":[{"id":5284,"href":"https:\/\/cipead.ufpr.br\/index.php\/wp-json\/wp\/v2\/posts\/5276\/revisions\/5284"}],"wp:attachment":[{"href":"https:\/\/cipead.ufpr.br\/index.php\/wp-json\/wp\/v2\/media?parent=5276"}],"wp:term":[{"taxonomy":"category","embeddable":true,"href":"https:\/\/cipead.ufpr.br\/index.php\/wp-json\/wp\/v2\/categories?post=5276"},{"taxonomy":"post_tag","embeddable":true,"href":"https:\/\/cipead.ufpr.br\/index.php\/wp-json\/wp\/v2\/tags?post=5276"}],"curies":[{"name":"wp","href":"https:\/\/api.w.org\/{rel}","templated":true}]}}