{"id":5285,"date":"2022-04-07T16:02:05","date_gmt":"2022-04-07T19:02:05","guid":{"rendered":"https:\/\/cipead.ufpr.br\/?p=5285"},"modified":"2025-03-25T11:18:03","modified_gmt":"2025-03-25T14:18:03","slug":"novas-coordenadoras-do-sistema-uab-selecionadas","status":"publish","type":"post","link":"https:\/\/cipead.ufpr.br\/index.php\/2022\/04\/07\/novas-coordenadoras-do-sistema-uab-selecionadas\/","title":{"rendered":"Novas coordenadoras do Sistema UAB selecionadas"},"content":{"rendered":"<p>A Pr\u00f3-Reitoria de Gradua\u00e7\u00e3o e Educa\u00e7\u00e3o Profissional (PROGRAD) da Universidade Federal do Paran\u00e1 (UFPR) divulgou o resultado final do Processo Seletivo para os cargos de coordenador geral e adjunto da unidade institucional na UFPR do Sistema Universidade Aberta do Brasil (UAB), mantido pela Diretoria de Educa\u00e7\u00e3o a Dist\u00e2ncia (DED) da Coordena\u00e7\u00e3o de Aperfei\u00e7oamento de Pessoal de N\u00edvel Superior (CAPES) do Minist\u00e9rio da Educa\u00e7\u00e3o (MEC).<\/p>\n<p>Foram selecionadas pela Comiss\u00e3o do Processo de Sele\u00e7\u00e3o as candidatas Prof.\u00aa Dr.\u00aa Geovana Gentili Santos e Prof.\u00aa Dr.\u00aa Kelly Priscilla L\u00f3ddo Cezar como Coordenadora Geral e Coordenadora Adjunta, respectivamente.<\/p>\n<p>O universidade Aberta do Brasil \u00e9 um sistema integrado por universidades p\u00fablicas que oferece cursos de n\u00edvel superior para camadas da popula\u00e7\u00e3o que t\u00eam dificuldade de acesso \u00e0 forma\u00e7\u00e3o universit\u00e1ria, por meio do uso da metodologia da educa\u00e7\u00e3o \u00e0 dist\u00e2ncia. O p\u00fablico em geral \u00e9 atendido, mas os professores que atuam na educa\u00e7\u00e3o b\u00e1sica t\u00eam prioridade de forma\u00e7\u00e3o, seguidos dos dirigentes, gestores e trabalhadores em educa\u00e7\u00e3o b\u00e1sica dos estados, munic\u00edpios e do Distrito Federal.<\/p>\n","protected":false},"excerpt":{"rendered":"<p>A Pr\u00f3-Reitoria de Gradua\u00e7\u00e3o e Educa\u00e7\u00e3o Profissional (PROGRAD) da Universidade Federal do Paran\u00e1 (UFPR) divulgou o resultado final do Processo Seletivo para os cargos de coordenador geral e adjunto da unidade institucional na UFPR do Sistema Universidade Aberta do Brasil&#8230; <a href=\"https:\/\/cipead.ufpr.br\/index.php\/2022\/04\/07\/novas-coordenadoras-do-sistema-uab-selecionadas\/\" class=\"readmore\">Leia mais&#8230;<span class=\"screen-reader-text\">Novas coordenadoras do Sistema UAB selecionadas<\/span><span class=\"fa fa-angle-double-right\" aria-hidden=\"true\"><\/span><\/a><\/p>\n","protected":false},"author":1,"featured_media":0,"comment_status":"closed","ping_status":"open","sticky":false,"template":"","format":"standard","meta":{"_eb_attr":"","footnotes":""},"categories":[85],"tags":[],"class_list":["post-5285","post","type-post","status-publish","format-standard","hentry","category-ultimas-noticias","content-layout-excerpt-thumb"],"_links":{"self":[{"href":"https:\/\/cipead.ufpr.br\/index.php\/wp-json\/wp\/v2\/posts\/5285","targetHints":{"allow":["GET"]}}],"collection":[{"href":"https:\/\/cipead.ufpr.br\/index.php\/wp-json\/wp\/v2\/posts"}],"about":[{"href":"https:\/\/cipead.ufpr.br\/index.php\/wp-json\/wp\/v2\/types\/post"}],"author":[{"embeddable":true,"href":"https:\/\/cipead.ufpr.br\/index.php\/wp-json\/wp\/v2\/users\/1"}],"replies":[{"embeddable":true,"href":"https:\/\/cipead.ufpr.br\/index.php\/wp-json\/wp\/v2\/comments?post=5285"}],"version-history":[{"count":2,"href":"https:\/\/cipead.ufpr.br\/index.php\/wp-json\/wp\/v2\/posts\/5285\/revisions"}],"predecessor-version":[{"id":5287,"href":"https:\/\/cipead.ufpr.br\/index.php\/wp-json\/wp\/v2\/posts\/5285\/revisions\/5287"}],"wp:attachment":[{"href":"https:\/\/cipead.ufpr.br\/index.php\/wp-json\/wp\/v2\/media?parent=5285"}],"wp:term":[{"taxonomy":"category","embeddable":true,"href":"https:\/\/cipead.ufpr.br\/index.php\/wp-json\/wp\/v2\/categories?post=5285"},{"taxonomy":"post_tag","embeddable":true,"href":"https:\/\/cipead.ufpr.br\/index.php\/wp-json\/wp\/v2\/tags?post=5285"}],"curies":[{"name":"wp","href":"https:\/\/api.w.org\/{rel}","templated":true}]}}