{"id":5357,"date":"2022-07-05T17:27:42","date_gmt":"2022-07-05T20:27:42","guid":{"rendered":"https:\/\/cipead.ufpr.br\/?p=5357"},"modified":"2025-03-25T10:33:46","modified_gmt":"2025-03-25T13:33:46","slug":"edital-no-01-2022-selecao-de-professor-bolsista-para-compor-a-equipe-multidisciplinar-uab-ufpr","status":"publish","type":"post","link":"https:\/\/cipead.ufpr.br\/index.php\/2022\/07\/05\/edital-no-01-2022-selecao-de-professor-bolsista-para-compor-a-equipe-multidisciplinar-uab-ufpr\/","title":{"rendered":"EDITAL N\u00ba 01 \/ 2022 \u2013 SELE\u00c7\u00c3O DE PROFESSOR (BOLSISTA) PARA COMPOR A EQUIPE MULTIDISCIPLINAR UAB\/UFPR"},"content":{"rendered":"<p>A Universidade Federal do Paran\u00e1 (UFPR), por meio da Universidade Aberta do Brasil (UAB) na UFPR e da Coordenadoria de Integra\u00e7\u00e3o de Pol\u00edticas de Educa\u00e7\u00e3o a Dist\u00e2ncia (CIPEAD), torna p\u00fablico o Edital que rege o processo seletivo para contrata\u00e7\u00e3o de BOLSISTA para atuar na Equipe Multiciplinar da UAB, nos termos das Leis 11.273\/2006 e 11.502\/2007, da Resolu\u00e7\u00e3o CD\/FNDE n\u00ba 26, de 5 de junho de 2009, alterada pela Resolu\u00e7\u00e3o CD\/FNDE n\u00ba 08, de 30 de abril de 2010, da Instru\u00e7\u00e3o Normativa &#8211; CAPES n\u00ba 2, de 19 de abril de 2017, e das Portarias &#8211; CAPES 183\/2013 e 139\/2017.<\/p>\n<p>&nbsp;<\/p>\n<p><a href=\"https:\/\/cipead.ufpr.br\/index.php\/edital_ufpr\/selecao-de-professor-bolsista-para-compor-a-equipe-multidisciplinar-uab-ufpr\/\">Clique aqui para ler o edital.<\/a><\/p>\n","protected":false},"excerpt":{"rendered":"<p>A Universidade Federal do Paran\u00e1 (UFPR), por meio da Universidade Aberta do Brasil (UAB) na UFPR e da Coordenadoria de Integra\u00e7\u00e3o de Pol\u00edticas de Educa\u00e7\u00e3o a Dist\u00e2ncia (CIPEAD), torna p\u00fablico o Edital que rege o processo seletivo para contrata\u00e7\u00e3o de&#8230; <a href=\"https:\/\/cipead.ufpr.br\/index.php\/2022\/07\/05\/edital-no-01-2022-selecao-de-professor-bolsista-para-compor-a-equipe-multidisciplinar-uab-ufpr\/\" class=\"readmore\">Leia mais&#8230;<span class=\"screen-reader-text\">EDITAL N\u00ba 01 \/ 2022 \u2013 SELE\u00c7\u00c3O DE PROFESSOR (BOLSISTA) PARA COMPOR A EQUIPE MULTIDISCIPLINAR UAB\/UFPR<\/span><span class=\"fa fa-angle-double-right\" aria-hidden=\"true\"><\/span><\/a><\/p>\n","protected":false},"author":1,"featured_media":0,"comment_status":"closed","ping_status":"open","sticky":false,"template":"","format":"standard","meta":{"_eb_attr":"","footnotes":""},"categories":[149,85],"tags":[],"class_list":["post-5357","post","type-post","status-publish","format-standard","hentry","category-editais","category-ultimas-noticias","content-layout-excerpt-thumb"],"_links":{"self":[{"href":"https:\/\/cipead.ufpr.br\/index.php\/wp-json\/wp\/v2\/posts\/5357","targetHints":{"allow":["GET"]}}],"collection":[{"href":"https:\/\/cipead.ufpr.br\/index.php\/wp-json\/wp\/v2\/posts"}],"about":[{"href":"https:\/\/cipead.ufpr.br\/index.php\/wp-json\/wp\/v2\/types\/post"}],"author":[{"embeddable":true,"href":"https:\/\/cipead.ufpr.br\/index.php\/wp-json\/wp\/v2\/users\/1"}],"replies":[{"embeddable":true,"href":"https:\/\/cipead.ufpr.br\/index.php\/wp-json\/wp\/v2\/comments?post=5357"}],"version-history":[{"count":1,"href":"https:\/\/cipead.ufpr.br\/index.php\/wp-json\/wp\/v2\/posts\/5357\/revisions"}],"predecessor-version":[{"id":5358,"href":"https:\/\/cipead.ufpr.br\/index.php\/wp-json\/wp\/v2\/posts\/5357\/revisions\/5358"}],"wp:attachment":[{"href":"https:\/\/cipead.ufpr.br\/index.php\/wp-json\/wp\/v2\/media?parent=5357"}],"wp:term":[{"taxonomy":"category","embeddable":true,"href":"https:\/\/cipead.ufpr.br\/index.php\/wp-json\/wp\/v2\/categories?post=5357"},{"taxonomy":"post_tag","embeddable":true,"href":"https:\/\/cipead.ufpr.br\/index.php\/wp-json\/wp\/v2\/tags?post=5357"}],"curies":[{"name":"wp","href":"https:\/\/api.w.org\/{rel}","templated":true}]}}