{"id":5563,"date":"2023-09-28T13:23:03","date_gmt":"2023-09-28T16:23:03","guid":{"rendered":"https:\/\/cipead.ufpr.br\/?p=5563"},"modified":"2025-03-25T10:33:19","modified_gmt":"2025-03-25T13:33:19","slug":"edital-no-01-2023-processo-seletivo-com-vistas-a-concessao-de-bolsa-tutor-a-para-o-curso-de-especializacao-em-midias-na-educacao-pelo-programa-sistema-universidade-aberta-do-brasil-uab","status":"publish","type":"post","link":"https:\/\/cipead.ufpr.br\/index.php\/2023\/09\/28\/edital-no-01-2023-processo-seletivo-com-vistas-a-concessao-de-bolsa-tutor-a-para-o-curso-de-especializacao-em-midias-na-educacao-pelo-programa-sistema-universidade-aberta-do-brasil-uab\/","title":{"rendered":"EDITAL N\u00ba 01 \/ 2023 &#8211; PROCESSO SELETIVO COM VISTAS \u00c0 CONCESS\u00c3O DE BOLSA TUTOR\/A PARA O CURSO DE ESPECIALIZA\u00c7\u00c3O EM M\u00cdDIAS NA EDUCA\u00c7\u00c3O PELO PROGRAMA SISTEMA UNIVERSIDADE ABERTA DO BRASIL (UAB)"},"content":{"rendered":"\n<p>Em cumprimento \u00e0s legisla\u00e7\u00f5es pertinentes ao Programa Sistema Universidade Aberta do Brasil (UAB), a Coordena\u00e7\u00e3o Geral da UAB\/UFPR, a Coordenadoria de Integra\u00e7\u00e3o de Pol\u00edticas de Educa\u00e7\u00e3o a Dist\u00e2ncia (CIPEAD) e a Coordena\u00e7\u00e3o do Curso de specializa\u00e7\u00e3o em M\u00eddias na Educa\u00e7\u00e3o, na Universidade Federal do Paran\u00e1 (UFPR), fazem saber que est\u00e3o abertas as inscri\u00e7\u00f5es para o Processo Seletivo com vistas \u00e0 concess\u00e3o de bolsa Tutor\/a de disciplinas oferecidas no Curso de Especializa\u00e7\u00e3o em M\u00eddias na Educa\u00e7\u00e3o, na modalidade Educa\u00e7\u00e3o a Dist\u00e2ncia (EaD), no \u00e2mbito do Programa Sistema UAB, coordenado pela Diretoria de Educa\u00e7\u00e3o a Dist\u00e2ncia (DED), da Coordena\u00e7\u00e3o de Aperfei\u00e7oamento de Pessoal de N\u00edvel Superior (CAPES) e do Minist\u00e9rio da Educa\u00e7\u00e3o (MEC), com in\u00edcio previsto para novembro de 2023, com seis (6) vagas.<\/p>\n<p>\u00a0<\/p>\n\n\n\n<p><a href=\"https:\/\/cipead.ufpr.br\/wp-content\/uploads\/2023\/09\/SEI_6013678_Edital_01_2023-tutores-Midias-na-Educacao.pdf\">https:\/\/cipead.ufpr.br\/wp-content\/uploads\/2023\/09\/SEI_6013678_Edital_01_2023-tutores-Midias-na-Educacao.pdf<\/a><\/p>\n\n\n\n<p><br><\/p>\n","protected":false},"excerpt":{"rendered":"<p>Em cumprimento \u00e0s legisla\u00e7\u00f5es pertinentes ao Programa Sistema Universidade Aberta do Brasil (UAB), a Coordena\u00e7\u00e3o Geral da UAB\/UFPR, a Coordenadoria de Integra\u00e7\u00e3o de Pol\u00edticas de Educa\u00e7\u00e3o a Dist\u00e2ncia (CIPEAD) e a Coordena\u00e7\u00e3o do Curso de specializa\u00e7\u00e3o em M\u00eddias na Educa\u00e7\u00e3o,&#8230; <a href=\"https:\/\/cipead.ufpr.br\/index.php\/2023\/09\/28\/edital-no-01-2023-processo-seletivo-com-vistas-a-concessao-de-bolsa-tutor-a-para-o-curso-de-especializacao-em-midias-na-educacao-pelo-programa-sistema-universidade-aberta-do-brasil-uab\/\" class=\"readmore\">Leia mais&#8230;<span class=\"screen-reader-text\">EDITAL N\u00ba 01 \/ 2023 &#8211; PROCESSO SELETIVO COM VISTAS \u00c0 CONCESS\u00c3O DE BOLSA TUTOR\/A PARA O CURSO DE ESPECIALIZA\u00c7\u00c3O EM M\u00cdDIAS NA EDUCA\u00c7\u00c3O PELO PROGRAMA SISTEMA UNIVERSIDADE ABERTA DO BRASIL (UAB)<\/span><span class=\"fa fa-angle-double-right\" aria-hidden=\"true\"><\/span><\/a><\/p>\n","protected":false},"author":1,"featured_media":0,"comment_status":"closed","ping_status":"open","sticky":false,"template":"","format":"standard","meta":{"_eb_attr":"","footnotes":""},"categories":[149,85],"tags":[],"class_list":["post-5563","post","type-post","status-publish","format-standard","hentry","category-editais","category-ultimas-noticias","content-layout-excerpt-thumb"],"_links":{"self":[{"href":"https:\/\/cipead.ufpr.br\/index.php\/wp-json\/wp\/v2\/posts\/5563","targetHints":{"allow":["GET"]}}],"collection":[{"href":"https:\/\/cipead.ufpr.br\/index.php\/wp-json\/wp\/v2\/posts"}],"about":[{"href":"https:\/\/cipead.ufpr.br\/index.php\/wp-json\/wp\/v2\/types\/post"}],"author":[{"embeddable":true,"href":"https:\/\/cipead.ufpr.br\/index.php\/wp-json\/wp\/v2\/users\/1"}],"replies":[{"embeddable":true,"href":"https:\/\/cipead.ufpr.br\/index.php\/wp-json\/wp\/v2\/comments?post=5563"}],"version-history":[{"count":6,"href":"https:\/\/cipead.ufpr.br\/index.php\/wp-json\/wp\/v2\/posts\/5563\/revisions"}],"predecessor-version":[{"id":5572,"href":"https:\/\/cipead.ufpr.br\/index.php\/wp-json\/wp\/v2\/posts\/5563\/revisions\/5572"}],"wp:attachment":[{"href":"https:\/\/cipead.ufpr.br\/index.php\/wp-json\/wp\/v2\/media?parent=5563"}],"wp:term":[{"taxonomy":"category","embeddable":true,"href":"https:\/\/cipead.ufpr.br\/index.php\/wp-json\/wp\/v2\/categories?post=5563"},{"taxonomy":"post_tag","embeddable":true,"href":"https:\/\/cipead.ufpr.br\/index.php\/wp-json\/wp\/v2\/tags?post=5563"}],"curies":[{"name":"wp","href":"https:\/\/api.w.org\/{rel}","templated":true}]}}