{"id":6147,"date":"2024-01-22T15:56:31","date_gmt":"2024-01-22T18:56:31","guid":{"rendered":"https:\/\/cipead.ufpr.br\/?p=6147"},"modified":"2025-03-25T10:33:19","modified_gmt":"2025-03-25T13:33:19","slug":"edital-no-2-2024-homologacao-das-inscricoes-do-processo-seletivo-com-vistas-a-concessao-de-bolsas-para-coordenador-de-curso-i-para-atuar-no-curso-de-gestao-cultural-pelo-programa-sistema-uab","status":"publish","type":"post","link":"https:\/\/cipead.ufpr.br\/index.php\/2024\/01\/22\/edital-no-2-2024-homologacao-das-inscricoes-do-processo-seletivo-com-vistas-a-concessao-de-bolsas-para-coordenador-de-curso-i-para-atuar-no-curso-de-gestao-cultural-pelo-programa-sistema-uab\/","title":{"rendered":"EDITAL N\u00ba 2\/2024 &#8211; HOMOLOGA\u00c7\u00c3O DAS INSCRI\u00c7\u00d5ES DO PROCESSO SELETIVO COM VISTAS \u00c0 CONCESS\u00c3O DE BOLSAS PARA COORDENADOR DE CURSO I, PARA ATUAR NO CURSO DE GEST\u00c3O CULTURAL PELO PROGRAMA SISTEMA UAB"},"content":{"rendered":"\t\t<div data-elementor-type=\"wp-post\" data-elementor-id=\"6147\" class=\"elementor elementor-6147\">\n\t\t\t\t\t\t<section class=\"elementor-section elementor-top-section elementor-element elementor-element-28100a6 elementor-section-boxed elementor-section-height-default elementor-section-height-default\" data-id=\"28100a6\" data-element_type=\"section\" data-e-type=\"section\">\n\t\t\t\t\t\t<div class=\"elementor-container elementor-column-gap-default\">\n\t\t\t\t\t<div class=\"elementor-column elementor-col-100 elementor-top-column elementor-element elementor-element-67e6acf\" data-id=\"67e6acf\" data-element_type=\"column\" data-e-type=\"column\">\n\t\t\t<div class=\"elementor-widget-wrap elementor-element-populated\">\n\t\t\t\t\t\t<div class=\"elementor-element elementor-element-ae70d1e elementor-widget elementor-widget-text-editor\" data-id=\"ae70d1e\" data-element_type=\"widget\" data-e-type=\"widget\" data-widget_type=\"text-editor.default\">\n\t\t\t\t<div class=\"elementor-widget-container\">\n\t\t\t\t\t\t\t\t\t<p>Processo n\u00ba 23075.077631\/2023-43<\/p><p>A Comiss\u00e3o do Processo Seletivo, referente ao Edital N\u00ba 01\/2023, designada pela Coordena\u00e7\u00e3o Geral do Programa Sistema UAB, na UFPR, (documento SEI n\u00ba 6333260), torna p\u00fablica a homologa\u00e7\u00e3o das inscri\u00e7\u00f5es do Processo Seletivo com vistas \u00e0 concess\u00e3o de bolsas para Coordenador de Curso I, para atuar no curso de Gest\u00e3o Cultural pelo Programa Sistema UAB, mantido pela Diretoria de Educa\u00e7\u00e3o a Dist\u00e2ncia (DED), da Coordena\u00e7\u00e3o de Aperfei\u00e7oamento de Pessoal de N\u00edvel Superior (CAPES), do Minist\u00e9rio da Educa\u00e7\u00e3o (MEC), com fundamento no Decreto N\u00ba 5.800\/2006, nas Portarias CAPES N\u00ba 183\/2016 e N\u00ba 102\/2019.<\/p><p><a href=\"https:\/\/cipead.ufpr.br\/wp-content\/uploads\/2024\/01\/SEI_6337605_Homologacao-inscricoes.pdf\" target=\"_blank\" rel=\"noopener\">Clique aqui para ler o edital.\u00a0<\/a><\/p>\t\t\t\t\t\t\t\t<\/div>\n\t\t\t\t<\/div>\n\t\t\t\t\t<\/div>\n\t\t<\/div>\n\t\t\t\t\t<\/div>\n\t\t<\/section>\n\t\t\t\t<\/div>\n\t\t","protected":false},"excerpt":{"rendered":"<p>Processo n\u00ba 23075.077631\/2023-43 A Comiss\u00e3o do Processo Seletivo, referente ao Edital N\u00ba 01\/2023, designada pela Coordena\u00e7\u00e3o Geral do Programa Sistema UAB, na UFPR, (documento SEI n\u00ba 6333260), torna p\u00fablica a homologa\u00e7\u00e3o das inscri\u00e7\u00f5es do Processo Seletivo com vistas \u00e0 concess\u00e3o&#8230; <a href=\"https:\/\/cipead.ufpr.br\/index.php\/2024\/01\/22\/edital-no-2-2024-homologacao-das-inscricoes-do-processo-seletivo-com-vistas-a-concessao-de-bolsas-para-coordenador-de-curso-i-para-atuar-no-curso-de-gestao-cultural-pelo-programa-sistema-uab\/\" class=\"readmore\">Leia mais&#8230;<span class=\"screen-reader-text\">EDITAL N\u00ba 2\/2024 &#8211; HOMOLOGA\u00c7\u00c3O DAS INSCRI\u00c7\u00d5ES DO PROCESSO SELETIVO COM VISTAS \u00c0 CONCESS\u00c3O DE BOLSAS PARA COORDENADOR DE CURSO I, PARA ATUAR NO CURSO DE GEST\u00c3O CULTURAL PELO PROGRAMA SISTEMA UAB<\/span><span class=\"fa fa-angle-double-right\" aria-hidden=\"true\"><\/span><\/a><\/p>\n","protected":false},"author":1,"featured_media":0,"comment_status":"closed","ping_status":"open","sticky":false,"template":"","format":"standard","meta":{"_eb_attr":"","footnotes":""},"categories":[149,85],"tags":[],"class_list":["post-6147","post","type-post","status-publish","format-standard","hentry","category-editais","category-ultimas-noticias","content-layout-excerpt-thumb"],"_links":{"self":[{"href":"https:\/\/cipead.ufpr.br\/index.php\/wp-json\/wp\/v2\/posts\/6147","targetHints":{"allow":["GET"]}}],"collection":[{"href":"https:\/\/cipead.ufpr.br\/index.php\/wp-json\/wp\/v2\/posts"}],"about":[{"href":"https:\/\/cipead.ufpr.br\/index.php\/wp-json\/wp\/v2\/types\/post"}],"author":[{"embeddable":true,"href":"https:\/\/cipead.ufpr.br\/index.php\/wp-json\/wp\/v2\/users\/1"}],"replies":[{"embeddable":true,"href":"https:\/\/cipead.ufpr.br\/index.php\/wp-json\/wp\/v2\/comments?post=6147"}],"version-history":[{"count":7,"href":"https:\/\/cipead.ufpr.br\/index.php\/wp-json\/wp\/v2\/posts\/6147\/revisions"}],"predecessor-version":[{"id":6156,"href":"https:\/\/cipead.ufpr.br\/index.php\/wp-json\/wp\/v2\/posts\/6147\/revisions\/6156"}],"wp:attachment":[{"href":"https:\/\/cipead.ufpr.br\/index.php\/wp-json\/wp\/v2\/media?parent=6147"}],"wp:term":[{"taxonomy":"category","embeddable":true,"href":"https:\/\/cipead.ufpr.br\/index.php\/wp-json\/wp\/v2\/categories?post=6147"},{"taxonomy":"post_tag","embeddable":true,"href":"https:\/\/cipead.ufpr.br\/index.php\/wp-json\/wp\/v2\/tags?post=6147"}],"curies":[{"name":"wp","href":"https:\/\/api.w.org\/{rel}","templated":true}]}}