{"id":6184,"date":"2024-01-22T17:59:51","date_gmt":"2024-01-22T20:59:51","guid":{"rendered":"https:\/\/cipead.ufpr.br\/?p=6184"},"modified":"2025-03-25T10:33:18","modified_gmt":"2025-03-25T13:33:18","slug":"edital-no-01-2024-processo-seletivo-bolsa-para-tutor-pelo-programa-sistema-universidade-aberta-do-brasil-uab-para-o-curso-superior-de-tecnologia-em-gestao-cultural","status":"publish","type":"post","link":"https:\/\/cipead.ufpr.br\/index.php\/2024\/01\/22\/edital-no-01-2024-processo-seletivo-bolsa-para-tutor-pelo-programa-sistema-universidade-aberta-do-brasil-uab-para-o-curso-superior-de-tecnologia-em-gestao-cultural\/","title":{"rendered":"EDITAL N\u00ba 01 \/ 2024 \u2013 PROCESSO SELETIVO \u2013 BOLSA PARA TUTOR PELO PROGRAMA SISTEMA UNIVERSIDADE ABERTA DO BRASIL (UAB) PARA O CURSO SUPERIOR DE TECNOLOGIA EM GEST\u00c3O CULTURAL"},"content":{"rendered":"\n<p>A Coordena\u00e7\u00e3o Geral do Programa Sistema Universidade Aberta do Brasil (UAB), na Universidade Federal do Paran\u00e1 (UFPR), pela Coordenadoria de Integra\u00e7\u00e3o de Pol\u00edticas de Educa\u00e7\u00e3o a Dist\u00e2ncia (CIPEAD\/PROGRAD), torna p\u00fablica a abertura de Processo Seletivo com vistas \u00e0 concess\u00e3o de bolsas para Tutor no Curso Superior de Tecnologia em Gest\u00e3o Cultural, na modalidade Educa\u00e7\u00e3o a Dist\u00e2ncia, do Setor de Educa\u00e7\u00e3o Profissional e Tecnol\u00f3gica (SEPT), pelo Programa Sistema UAB, mantido pela Diretoria de Educa\u00e7\u00e3o a Dist\u00e2ncia (DED), da Coordena\u00e7\u00e3o de Aperfei\u00e7oamento de Pessoal de N\u00edvel Superior (CAPES), do Minist\u00e9rio da Educa\u00e7\u00e3o (MEC), com fundamento no Decreto N\u00ba 5.800\/2006, nas Portarias CAPES N\u00ba 183\/2016 e N\u00ba 102\/2019.<\/p>\n\n\n\n<p><a href=\"https:\/\/cipead.ufpr.br\/wp-content\/uploads\/2024\/01\/SEI_6335305_Edital_01-Tutor-CST-Gestao-Cultural-1.pdf\" target=\"_blank\" rel=\"noreferrer noopener\">Clique aqui para ler o edital<\/a><\/p>\n","protected":false},"excerpt":{"rendered":"<p>A Coordena\u00e7\u00e3o Geral do Programa Sistema Universidade Aberta do Brasil (UAB), na Universidade Federal do Paran\u00e1 (UFPR), pela Coordenadoria de Integra\u00e7\u00e3o de Pol\u00edticas de Educa\u00e7\u00e3o a Dist\u00e2ncia (CIPEAD\/PROGRAD), torna p\u00fablica a abertura de Processo Seletivo com vistas \u00e0 concess\u00e3o de&#8230; <a href=\"https:\/\/cipead.ufpr.br\/index.php\/2024\/01\/22\/edital-no-01-2024-processo-seletivo-bolsa-para-tutor-pelo-programa-sistema-universidade-aberta-do-brasil-uab-para-o-curso-superior-de-tecnologia-em-gestao-cultural\/\" class=\"readmore\">Leia mais&#8230;<span class=\"screen-reader-text\">EDITAL N\u00ba 01 \/ 2024 \u2013 PROCESSO SELETIVO \u2013 BOLSA PARA TUTOR PELO PROGRAMA SISTEMA UNIVERSIDADE ABERTA DO BRASIL (UAB) PARA O CURSO SUPERIOR DE TECNOLOGIA EM GEST\u00c3O CULTURAL<\/span><span class=\"fa fa-angle-double-right\" aria-hidden=\"true\"><\/span><\/a><\/p>\n","protected":false},"author":1,"featured_media":0,"comment_status":"closed","ping_status":"open","sticky":false,"template":"","format":"standard","meta":{"_eb_attr":"","footnotes":""},"categories":[149,85],"tags":[],"class_list":["post-6184","post","type-post","status-publish","format-standard","hentry","category-editais","category-ultimas-noticias","content-layout-excerpt-thumb"],"_links":{"self":[{"href":"https:\/\/cipead.ufpr.br\/index.php\/wp-json\/wp\/v2\/posts\/6184","targetHints":{"allow":["GET"]}}],"collection":[{"href":"https:\/\/cipead.ufpr.br\/index.php\/wp-json\/wp\/v2\/posts"}],"about":[{"href":"https:\/\/cipead.ufpr.br\/index.php\/wp-json\/wp\/v2\/types\/post"}],"author":[{"embeddable":true,"href":"https:\/\/cipead.ufpr.br\/index.php\/wp-json\/wp\/v2\/users\/1"}],"replies":[{"embeddable":true,"href":"https:\/\/cipead.ufpr.br\/index.php\/wp-json\/wp\/v2\/comments?post=6184"}],"version-history":[{"count":1,"href":"https:\/\/cipead.ufpr.br\/index.php\/wp-json\/wp\/v2\/posts\/6184\/revisions"}],"predecessor-version":[{"id":6185,"href":"https:\/\/cipead.ufpr.br\/index.php\/wp-json\/wp\/v2\/posts\/6184\/revisions\/6185"}],"wp:attachment":[{"href":"https:\/\/cipead.ufpr.br\/index.php\/wp-json\/wp\/v2\/media?parent=6184"}],"wp:term":[{"taxonomy":"category","embeddable":true,"href":"https:\/\/cipead.ufpr.br\/index.php\/wp-json\/wp\/v2\/categories?post=6184"},{"taxonomy":"post_tag","embeddable":true,"href":"https:\/\/cipead.ufpr.br\/index.php\/wp-json\/wp\/v2\/tags?post=6184"}],"curies":[{"name":"wp","href":"https:\/\/api.w.org\/{rel}","templated":true}]}}