{"id":6418,"date":"2024-02-05T12:15:48","date_gmt":"2024-02-05T15:15:48","guid":{"rendered":"https:\/\/cipead.ufpr.br\/?p=6418"},"modified":"2025-03-25T10:32:41","modified_gmt":"2025-03-25T13:32:41","slug":"edital-no-01-2024-prorrogacao-do-prazo-para-as-inscricoes-processo-seletivo-para-candidatos-a-bolsistas-de-apoio-as-disciplinas-transversais-na-graduacao","status":"publish","type":"post","link":"https:\/\/cipead.ufpr.br\/index.php\/2024\/02\/05\/edital-no-01-2024-prorrogacao-do-prazo-para-as-inscricoes-processo-seletivo-para-candidatos-a-bolsistas-de-apoio-as-disciplinas-transversais-na-graduacao\/","title":{"rendered":"EDITAL N\u00ba 01 \/ 2024 \u2013 PRORROGA\u00c7\u00c3O DO PRAZO PARA AS INSCRI\u00c7\u00d5ES \u2013 PROCESSO SELETIVO PARA CANDIDATOS \u00c0 BOLSISTAS DE APOIO \u00c0S DISCIPLINAS TRANSVERSAIS NA GRADUA\u00c7\u00c3O"},"content":{"rendered":"\n<p>A Universidade Federal do Paran\u00e1 (UFPR) por interm\u00e9dio do Projeto das Disciplinas Transversais, da Coordena\u00e7\u00e3o de Programas de P\u00f3s-gradua\u00e7\u00e3o Stricto Sensu, torna p\u00fablica a prorroga\u00e7\u00e3o do prazo para as inscri\u00e7\u00f5es referentes ao Edital 01\/2024 &#8211; Processo Seletivo para candidatos \u00e0 bolsistas de apoio \u00e0s Disciplinas Transversais na Gradua\u00e7\u00e3o.<\/p>\n\n\n\n<p><a href=\"https:\/\/cipead.ufpr.br\/wp-content\/uploads\/2024\/02\/Prorrogacao-Edital-Graduacao-IPI-finalizado-com-assinatura-1.pdf\" target=\"_blank\" rel=\"noreferrer noopener\">Clique aqui para ler o edital.<\/a><\/p>\n","protected":false},"excerpt":{"rendered":"<p>A Universidade Federal do Paran\u00e1 (UFPR) por interm\u00e9dio do Projeto das Disciplinas Transversais, da Coordena\u00e7\u00e3o de Programas de P\u00f3s-gradua\u00e7\u00e3o Stricto Sensu, torna p\u00fablica a prorroga\u00e7\u00e3o do prazo para as inscri\u00e7\u00f5es referentes ao Edital 01\/2024 &#8211; Processo Seletivo para candidatos \u00e0&#8230; <a href=\"https:\/\/cipead.ufpr.br\/index.php\/2024\/02\/05\/edital-no-01-2024-prorrogacao-do-prazo-para-as-inscricoes-processo-seletivo-para-candidatos-a-bolsistas-de-apoio-as-disciplinas-transversais-na-graduacao\/\" class=\"readmore\">Leia mais&#8230;<span class=\"screen-reader-text\">EDITAL N\u00ba 01 \/ 2024 \u2013 PRORROGA\u00c7\u00c3O DO PRAZO PARA AS INSCRI\u00c7\u00d5ES \u2013 PROCESSO SELETIVO PARA CANDIDATOS \u00c0 BOLSISTAS DE APOIO \u00c0S DISCIPLINAS TRANSVERSAIS NA GRADUA\u00c7\u00c3O<\/span><span class=\"fa fa-angle-double-right\" aria-hidden=\"true\"><\/span><\/a><\/p>\n","protected":false},"author":1,"featured_media":0,"comment_status":"closed","ping_status":"open","sticky":false,"template":"","format":"standard","meta":{"_eb_attr":"","footnotes":""},"categories":[149,85],"tags":[],"class_list":["post-6418","post","type-post","status-publish","format-standard","hentry","category-editais","category-ultimas-noticias","content-layout-excerpt-thumb"],"_links":{"self":[{"href":"https:\/\/cipead.ufpr.br\/index.php\/wp-json\/wp\/v2\/posts\/6418","targetHints":{"allow":["GET"]}}],"collection":[{"href":"https:\/\/cipead.ufpr.br\/index.php\/wp-json\/wp\/v2\/posts"}],"about":[{"href":"https:\/\/cipead.ufpr.br\/index.php\/wp-json\/wp\/v2\/types\/post"}],"author":[{"embeddable":true,"href":"https:\/\/cipead.ufpr.br\/index.php\/wp-json\/wp\/v2\/users\/1"}],"replies":[{"embeddable":true,"href":"https:\/\/cipead.ufpr.br\/index.php\/wp-json\/wp\/v2\/comments?post=6418"}],"version-history":[{"count":1,"href":"https:\/\/cipead.ufpr.br\/index.php\/wp-json\/wp\/v2\/posts\/6418\/revisions"}],"predecessor-version":[{"id":6420,"href":"https:\/\/cipead.ufpr.br\/index.php\/wp-json\/wp\/v2\/posts\/6418\/revisions\/6420"}],"wp:attachment":[{"href":"https:\/\/cipead.ufpr.br\/index.php\/wp-json\/wp\/v2\/media?parent=6418"}],"wp:term":[{"taxonomy":"category","embeddable":true,"href":"https:\/\/cipead.ufpr.br\/index.php\/wp-json\/wp\/v2\/categories?post=6418"},{"taxonomy":"post_tag","embeddable":true,"href":"https:\/\/cipead.ufpr.br\/index.php\/wp-json\/wp\/v2\/tags?post=6418"}],"curies":[{"name":"wp","href":"https:\/\/api.w.org\/{rel}","templated":true}]}}