{"id":6424,"date":"2024-02-05T14:57:36","date_gmt":"2024-02-05T17:57:36","guid":{"rendered":"https:\/\/cipead.ufpr.br\/?p=6424"},"modified":"2025-03-25T10:32:41","modified_gmt":"2025-03-25T13:32:41","slug":"edital-no-08-2024-resultado-classificatorio-preliminar-processo-seletivo-com-vistas-a-concessao-de-bolsas-para-professor-formador-i-no-curso-de-pedagogia-na-modalidade-educacao","status":"publish","type":"post","link":"https:\/\/cipead.ufpr.br\/index.php\/2024\/02\/05\/edital-no-08-2024-resultado-classificatorio-preliminar-processo-seletivo-com-vistas-a-concessao-de-bolsas-para-professor-formador-i-no-curso-de-pedagogia-na-modalidade-educacao\/","title":{"rendered":"EDITAL N\u00ba 08 \/ 2024 \u2013 RESULTADO CLASSIFICAT\u00d3RIO PRELIMINAR \u2013 PROCESSO SELETIVO COM VISTAS \u00c0 CONCESS\u00c3O DE BOLSAS PARA PROFESSOR FORMADOR I NO CURSO DE PEDAGOGIA, NA MODALIDADE EDUCA\u00c7\u00c3O A DIST\u00c2NCIA, DO SETOR DE EDUCA\u00c7\u00c3O, PELO NO PROGRAMA SISTEMA UNIVERSIDADE ABERTA DO BRASIL (UAB)"},"content":{"rendered":"\n<p>Processo n\u00ba 23075.076507\/2023-61 A Coordena\u00e7\u00e3o Geral do Programa Sistema Universidade Aberta do Brasil (UAB), na Universidade Federal do Paran\u00e1 (UFPR), pela Coordenadoria de Integra\u00e7\u00e3o de Pol\u00edticas de Educa\u00e7\u00e3o a Dist\u00e2ncia da Universidade Federal do Paran\u00e1 (CIPEAD\/PROGRAD), em conjunto com a Coordena\u00e7\u00e3o do Curso de Licenciatura em Pedagogia, na modalidade Educa\u00e7\u00e3o a Dist\u00e2ncia, do Setor de Educa\u00e7\u00e3o, torna p\u00fablica o resultado classificat\u00f3rio preliminar do Processo Seletivo com vistas \u00e0 concess\u00e3o de bolsas para Professor Formador I pelo Programa Sistema UAB, mantido pela Diretoria de Educa\u00e7\u00e3o a Dist\u00e2ncia (DED), da Coordena\u00e7\u00e3o de Aperfei\u00e7oamento de Pessoal de N\u00edvel Superior (CAPES), do Minist\u00e9rio da Educa\u00e7\u00e3o (MEC), com fundamento no Decreto N\u00ba 5.800\/2006, nas Portarias CAPES N\u00ba 183\/2016 e N\u00ba 102\/2019.<\/p>\n\n\n\n<p><a href=\"https:\/\/cipead.ufpr.br\/wp-content\/uploads\/2024\/02\/SEI_6373278_Edital_0083660-1.pdf\" target=\"_blank\" rel=\"noreferrer noopener\">Clique aqui para ler o edital. <\/a><\/p>\n","protected":false},"excerpt":{"rendered":"<p>Processo n\u00ba 23075.076507\/2023-61 A Coordena\u00e7\u00e3o Geral do Programa Sistema Universidade Aberta do Brasil (UAB), na Universidade Federal do Paran\u00e1 (UFPR), pela Coordenadoria de Integra\u00e7\u00e3o de Pol\u00edticas de Educa\u00e7\u00e3o a Dist\u00e2ncia da Universidade Federal do Paran\u00e1 (CIPEAD\/PROGRAD), em conjunto com a&#8230; <a href=\"https:\/\/cipead.ufpr.br\/index.php\/2024\/02\/05\/edital-no-08-2024-resultado-classificatorio-preliminar-processo-seletivo-com-vistas-a-concessao-de-bolsas-para-professor-formador-i-no-curso-de-pedagogia-na-modalidade-educacao\/\" class=\"readmore\">Leia mais&#8230;<span class=\"screen-reader-text\">EDITAL N\u00ba 08 \/ 2024 \u2013 RESULTADO CLASSIFICAT\u00d3RIO PRELIMINAR \u2013 PROCESSO SELETIVO COM VISTAS \u00c0 CONCESS\u00c3O DE BOLSAS PARA PROFESSOR FORMADOR I NO CURSO DE PEDAGOGIA, NA MODALIDADE EDUCA\u00c7\u00c3O A DIST\u00c2NCIA, DO SETOR DE EDUCA\u00c7\u00c3O, PELO NO PROGRAMA SISTEMA UNIVERSIDADE ABERTA DO BRASIL (UAB)<\/span><span class=\"fa fa-angle-double-right\" aria-hidden=\"true\"><\/span><\/a><\/p>\n","protected":false},"author":1,"featured_media":0,"comment_status":"closed","ping_status":"open","sticky":false,"template":"","format":"standard","meta":{"_eb_attr":"","footnotes":""},"categories":[149,85],"tags":[],"class_list":["post-6424","post","type-post","status-publish","format-standard","hentry","category-editais","category-ultimas-noticias","content-layout-excerpt-thumb"],"_links":{"self":[{"href":"https:\/\/cipead.ufpr.br\/index.php\/wp-json\/wp\/v2\/posts\/6424","targetHints":{"allow":["GET"]}}],"collection":[{"href":"https:\/\/cipead.ufpr.br\/index.php\/wp-json\/wp\/v2\/posts"}],"about":[{"href":"https:\/\/cipead.ufpr.br\/index.php\/wp-json\/wp\/v2\/types\/post"}],"author":[{"embeddable":true,"href":"https:\/\/cipead.ufpr.br\/index.php\/wp-json\/wp\/v2\/users\/1"}],"replies":[{"embeddable":true,"href":"https:\/\/cipead.ufpr.br\/index.php\/wp-json\/wp\/v2\/comments?post=6424"}],"version-history":[{"count":1,"href":"https:\/\/cipead.ufpr.br\/index.php\/wp-json\/wp\/v2\/posts\/6424\/revisions"}],"predecessor-version":[{"id":6425,"href":"https:\/\/cipead.ufpr.br\/index.php\/wp-json\/wp\/v2\/posts\/6424\/revisions\/6425"}],"wp:attachment":[{"href":"https:\/\/cipead.ufpr.br\/index.php\/wp-json\/wp\/v2\/media?parent=6424"}],"wp:term":[{"taxonomy":"category","embeddable":true,"href":"https:\/\/cipead.ufpr.br\/index.php\/wp-json\/wp\/v2\/categories?post=6424"},{"taxonomy":"post_tag","embeddable":true,"href":"https:\/\/cipead.ufpr.br\/index.php\/wp-json\/wp\/v2\/tags?post=6424"}],"curies":[{"name":"wp","href":"https:\/\/api.w.org\/{rel}","templated":true}]}}