{"id":6834,"date":"2024-02-28T19:11:05","date_gmt":"2024-02-28T22:11:05","guid":{"rendered":"https:\/\/cipead.ufpr.br\/?p=6834"},"modified":"2025-03-25T10:32:31","modified_gmt":"2025-03-25T13:32:31","slug":"edital-no-06-2024-resultado-das-entrevistas-bolsa-para-tutor-pelo-programa-sistema-universidade-aberta-do-brasil-uab-para-o-curso-superior-de-tecnologia-em-gestao-cultural","status":"publish","type":"post","link":"https:\/\/cipead.ufpr.br\/index.php\/2024\/02\/28\/edital-no-06-2024-resultado-das-entrevistas-bolsa-para-tutor-pelo-programa-sistema-universidade-aberta-do-brasil-uab-para-o-curso-superior-de-tecnologia-em-gestao-cultural\/","title":{"rendered":"EDITAL N\u00ba 06 \/ 2024 \u2013 RESULTADO DAS ENTREVISTAS \u2013 BOLSA PARA TUTOR PELO PROGRAMA SISTEMA UNIVERSIDADE ABERTA DO BRASIL (UAB) PARA O CURSO SUPERIOR DE TECNOLOGIA EM GEST\u00c3O CULTURAL"},"content":{"rendered":"\n<p>Em cumprimento \u00e0s Portarias CAPES n\u00ba 183\/2016 e 102\/2019, e demais legisla\u00e7\u00f5es pertinentes ao Programa Sistema Universidade Aberta do Brasil (UAB), a Coordena\u00e7\u00e3o Geral da UAB\/UFPR, a Coordenadoria de Integra\u00e7\u00e3o de Pol\u00edticas de Educa\u00e7\u00e3o a Dist\u00e2ncia da Universidade Federal do Paran\u00e1 (CIPEAD) e a Coordena\u00e7\u00e3o do Curso Superior de Tecnologia em Gest\u00e3o Cultural, fazem saber o resultado das entrevistas para o processo seletivo com vistas \u00e0 concess\u00e3o de bolsas UAB, para o preenchimento de at\u00e9 8 (oito) vagas para Tutor do Superior de Tecnologia em Gest\u00e3o Cultural, na modalidade EaD, e forma\u00e7\u00e3o de cadastro de reserva especificados no item 4 do Edital N\u00ba 01\/2024, deste processo n\u00ba 23075.001854\/2024-11. O Tutor do Curso Superior de Tecnologia em Gest\u00e3o Cultural, na modalidade EaD, far\u00e1 o acompanhamento de cursistas na UFPR Virtual (AVA Moodle), no TEAMS e nos Polos EaD UAB de Campo Largo, C\u00e9u Azul, Rio Branco do Sul, Ubirat\u00e3 e Umuarama selecionados para a oferta do curso, no \u00e2mbito do Programa Sistema UAB, sob a Coordena\u00e7\u00e3o da Diretoria de Educa\u00e7\u00e3o a Dist\u00e2ncia (DED), da Coordena\u00e7\u00e3o de Aperfei\u00e7oamento de Pessoal de N\u00edvel Superior (CAPES), do Minist\u00e9rio da Educa\u00e7\u00e3o (MEC), com in\u00edcio previsto para o 1\u00ba semestre, em mar\u00e7o de 2024.<\/p>\n\n\n\n<p><a href=\"https:\/\/cipead.ufpr.br\/wp-content\/uploads\/2024\/02\/SEI_6438585_Edital_06-1.pdf\">Clique aqui para ler o edital<\/a>.<\/p>\n","protected":false},"excerpt":{"rendered":"<p>Em cumprimento \u00e0s Portarias CAPES n\u00ba 183\/2016 e 102\/2019, e demais legisla\u00e7\u00f5es pertinentes ao Programa Sistema Universidade Aberta do Brasil (UAB), a Coordena\u00e7\u00e3o Geral da UAB\/UFPR, a Coordenadoria de Integra\u00e7\u00e3o de Pol\u00edticas de Educa\u00e7\u00e3o a Dist\u00e2ncia da Universidade Federal do&#8230; <a href=\"https:\/\/cipead.ufpr.br\/index.php\/2024\/02\/28\/edital-no-06-2024-resultado-das-entrevistas-bolsa-para-tutor-pelo-programa-sistema-universidade-aberta-do-brasil-uab-para-o-curso-superior-de-tecnologia-em-gestao-cultural\/\" class=\"readmore\">Leia mais&#8230;<span class=\"screen-reader-text\">EDITAL N\u00ba 06 \/ 2024 \u2013 RESULTADO DAS ENTREVISTAS \u2013 BOLSA PARA TUTOR PELO PROGRAMA SISTEMA UNIVERSIDADE ABERTA DO BRASIL (UAB) PARA O CURSO SUPERIOR DE TECNOLOGIA EM GEST\u00c3O CULTURAL<\/span><span class=\"fa fa-angle-double-right\" aria-hidden=\"true\"><\/span><\/a><\/p>\n","protected":false},"author":1,"featured_media":0,"comment_status":"closed","ping_status":"open","sticky":false,"template":"","format":"standard","meta":{"_eb_attr":"","footnotes":""},"categories":[149,85],"tags":[],"class_list":["post-6834","post","type-post","status-publish","format-standard","hentry","category-editais","category-ultimas-noticias","content-layout-excerpt-thumb"],"_links":{"self":[{"href":"https:\/\/cipead.ufpr.br\/index.php\/wp-json\/wp\/v2\/posts\/6834","targetHints":{"allow":["GET"]}}],"collection":[{"href":"https:\/\/cipead.ufpr.br\/index.php\/wp-json\/wp\/v2\/posts"}],"about":[{"href":"https:\/\/cipead.ufpr.br\/index.php\/wp-json\/wp\/v2\/types\/post"}],"author":[{"embeddable":true,"href":"https:\/\/cipead.ufpr.br\/index.php\/wp-json\/wp\/v2\/users\/1"}],"replies":[{"embeddable":true,"href":"https:\/\/cipead.ufpr.br\/index.php\/wp-json\/wp\/v2\/comments?post=6834"}],"version-history":[{"count":1,"href":"https:\/\/cipead.ufpr.br\/index.php\/wp-json\/wp\/v2\/posts\/6834\/revisions"}],"predecessor-version":[{"id":6836,"href":"https:\/\/cipead.ufpr.br\/index.php\/wp-json\/wp\/v2\/posts\/6834\/revisions\/6836"}],"wp:attachment":[{"href":"https:\/\/cipead.ufpr.br\/index.php\/wp-json\/wp\/v2\/media?parent=6834"}],"wp:term":[{"taxonomy":"category","embeddable":true,"href":"https:\/\/cipead.ufpr.br\/index.php\/wp-json\/wp\/v2\/categories?post=6834"},{"taxonomy":"post_tag","embeddable":true,"href":"https:\/\/cipead.ufpr.br\/index.php\/wp-json\/wp\/v2\/tags?post=6834"}],"curies":[{"name":"wp","href":"https:\/\/api.w.org\/{rel}","templated":true}]}}