{"id":7691,"date":"2024-08-16T14:19:47","date_gmt":"2024-08-16T17:19:47","guid":{"rendered":"https:\/\/cipead.ufpr.br\/?p=7691"},"modified":"2025-03-25T10:32:19","modified_gmt":"2025-03-25T13:32:19","slug":"edital-no-08-2024-processo-seletivo-com-vistas-a-concessao-de-bolsas-para-professor-formador-i-no-curso-superior-de-tecnologia-em-gestao-cultural-na-modalidade-educacao-a-distancia-do-setor-de-e","status":"publish","type":"post","link":"https:\/\/cipead.ufpr.br\/index.php\/2024\/08\/16\/edital-no-08-2024-processo-seletivo-com-vistas-a-concessao-de-bolsas-para-professor-formador-i-no-curso-superior-de-tecnologia-em-gestao-cultural-na-modalidade-educacao-a-distancia-do-setor-de-e\/","title":{"rendered":"EDITAL N\u00ba 08 \/ 2024 &#8211; PROCESSO SELETIVO COM VISTAS \u00c0 CONCESS\u00c3O DE BOLSAS PARA PROFESSOR FORMADOR I NO CURSO SUPERIOR DE TECNOLOGIA EM GEST\u00c3O CULTURAL, NA MODALIDADE EDUCA\u00c7\u00c3O A DIST\u00c2NCIA, DO SETOR DE EDUCA\u00c7\u00c3O PROFISSIONAL E TECNOL\u00d3GICA (SEPT), PELO NO PROGRAMA SISTEMA UNIVERSIDADE ABERTA DO BRASIL (UAB)."},"content":{"rendered":"\n<p><a href=\"https:\/\/cipead.ufpr.br\/index.php\/edital_ufpr\/\" data-type=\"link\" data-id=\"https:\/\/cipead.ufpr.br\/index.php\/edital_ufpr\/\">Considerando os Editais de Resultado Final, Abertura, Resultado Final, Reabertura e de Resultado deste Processo SEI 23075.001695\/2024-54 e a n\u00e3o sele\u00e7\u00e3o de candidatos para rol espec\u00edfico de disciplinas, a Coordena\u00e7\u00e3o Geral do Programa Sistema Universidade Aberta do Brasil (UAB), na Universidade Federal do Paran\u00e1 (UFPR), pela Coordenadoria de Integra\u00e7\u00e3o de Pol\u00edticas de Educa\u00e7\u00e3o a Dist\u00e2ncia da Universidade Federal do Paran\u00e1 (CIPEAD\/PROGRAD), em conjunto com a Coordena\u00e7\u00e3o do Curso de Gest\u00e3o Cultural, na modalidade Educa\u00e7\u00e3o a Dist\u00e2ncia, do Setor de Educa\u00e7\u00e3o, torna p\u00fablica a reabertura do Processo Seletivo com vistas \u00e0 concess\u00e3o de bolsas para Professor Formador I no Curso Superior de Tecnologia em Gest\u00e3o Cultural, na modalidade Educa\u00e7\u00e3o a Dist\u00e2ncia, do Setor de Educa\u00e7\u00e3o Profissional e Tecnol\u00f3gica (SEPT), pelo Programa Sistema UAB, mantido pela Diretoria de Educa\u00e7\u00e3o a Dist\u00e2ncia (DED), da Coordena\u00e7\u00e3o de Aperfei\u00e7oamento de Pessoal de N\u00edvel Superior (CAPES), do Minist\u00e9rio da Educa\u00e7\u00e3o (MEC), com fundamento no Decreto N\u00ba 5.800\/2006, nas Portarias CAPES N\u00ba 183\/2016 e N\u00ba 102\/2019.<\/a><\/p>\n","protected":false},"excerpt":{"rendered":"<p>Considerando os Editais de Resultado Final, Abertura, Resultado Final, Reabertura e de Resultado deste Processo SEI 23075.001695\/2024-54 e a n\u00e3o sele\u00e7\u00e3o de candidatos para rol espec\u00edfico de disciplinas, a Coordena\u00e7\u00e3o Geral do Programa Sistema Universidade Aberta do Brasil (UAB), na&#8230; <a href=\"https:\/\/cipead.ufpr.br\/index.php\/2024\/08\/16\/edital-no-08-2024-processo-seletivo-com-vistas-a-concessao-de-bolsas-para-professor-formador-i-no-curso-superior-de-tecnologia-em-gestao-cultural-na-modalidade-educacao-a-distancia-do-setor-de-e\/\" class=\"readmore\">Leia mais&#8230;<span class=\"screen-reader-text\">EDITAL N\u00ba 08 \/ 2024 &#8211; PROCESSO SELETIVO COM VISTAS \u00c0 CONCESS\u00c3O DE BOLSAS PARA PROFESSOR FORMADOR I NO CURSO SUPERIOR DE TECNOLOGIA EM GEST\u00c3O CULTURAL, NA MODALIDADE EDUCA\u00c7\u00c3O A DIST\u00c2NCIA, DO SETOR DE EDUCA\u00c7\u00c3O PROFISSIONAL E TECNOL\u00d3GICA (SEPT), PELO NO PROGRAMA SISTEMA UNIVERSIDADE ABERTA DO BRASIL (UAB).<\/span><span class=\"fa fa-angle-double-right\" aria-hidden=\"true\"><\/span><\/a><\/p>\n","protected":false},"author":41,"featured_media":0,"comment_status":"closed","ping_status":"open","sticky":false,"template":"","format":"standard","meta":{"_eb_attr":"","footnotes":""},"categories":[149,85],"tags":[],"class_list":["post-7691","post","type-post","status-publish","format-standard","hentry","category-editais","category-ultimas-noticias","content-layout-excerpt-thumb"],"_links":{"self":[{"href":"https:\/\/cipead.ufpr.br\/index.php\/wp-json\/wp\/v2\/posts\/7691","targetHints":{"allow":["GET"]}}],"collection":[{"href":"https:\/\/cipead.ufpr.br\/index.php\/wp-json\/wp\/v2\/posts"}],"about":[{"href":"https:\/\/cipead.ufpr.br\/index.php\/wp-json\/wp\/v2\/types\/post"}],"author":[{"embeddable":true,"href":"https:\/\/cipead.ufpr.br\/index.php\/wp-json\/wp\/v2\/users\/41"}],"replies":[{"embeddable":true,"href":"https:\/\/cipead.ufpr.br\/index.php\/wp-json\/wp\/v2\/comments?post=7691"}],"version-history":[{"count":2,"href":"https:\/\/cipead.ufpr.br\/index.php\/wp-json\/wp\/v2\/posts\/7691\/revisions"}],"predecessor-version":[{"id":7695,"href":"https:\/\/cipead.ufpr.br\/index.php\/wp-json\/wp\/v2\/posts\/7691\/revisions\/7695"}],"wp:attachment":[{"href":"https:\/\/cipead.ufpr.br\/index.php\/wp-json\/wp\/v2\/media?parent=7691"}],"wp:term":[{"taxonomy":"category","embeddable":true,"href":"https:\/\/cipead.ufpr.br\/index.php\/wp-json\/wp\/v2\/categories?post=7691"},{"taxonomy":"post_tag","embeddable":true,"href":"https:\/\/cipead.ufpr.br\/index.php\/wp-json\/wp\/v2\/tags?post=7691"}],"curies":[{"name":"wp","href":"https:\/\/api.w.org\/{rel}","templated":true}]}}