{"id":7724,"date":"2024-08-27T17:27:25","date_gmt":"2024-08-27T20:27:25","guid":{"rendered":"https:\/\/cipead.ufpr.br\/?p=7724"},"modified":"2025-03-25T10:32:19","modified_gmt":"2025-03-25T13:32:19","slug":"edital-no-10-2024-resultado-preliminar-da-etapa-2-do-processo-seletivo-com-vistas-a-concessao-de-bolsas-para-professor-formador-i-no-curso-superior-de-tecnologia-em-gestao-cultural-na-modalidade","status":"publish","type":"post","link":"https:\/\/cipead.ufpr.br\/index.php\/2024\/08\/27\/edital-no-10-2024-resultado-preliminar-da-etapa-2-do-processo-seletivo-com-vistas-a-concessao-de-bolsas-para-professor-formador-i-no-curso-superior-de-tecnologia-em-gestao-cultural-na-modalidade\/","title":{"rendered":"EDITAL N\u00ba 10 \/ 2024 &#8211; Resultado Preliminar da Etapa 2 do Processo Seletivo com vistas \u00e0 concess\u00e3o de bolsas para Professor Formador I no Curso Superior de Tecnologia em Gest\u00e3o Cultural, na modalidade Educa\u00e7\u00e3o a Dist\u00e2ncia, do Setor de Educa\u00e7\u00e3o Profissional e Tecnol\u00f3gica (SEPT), pelo Programa Sistema UAB (Processo n\u00ba 23075.001695\/2024-54)."},"content":{"rendered":"\n<p><a href=\"https:\/\/cipead.ufpr.br\/index.php\/edital_ufpr\/resultado-preliminar-da-etapa-2-do-processo-seletivo-com-vistas-a-concessao-de-bolsas-para-professor-formador-i-no-curso-superior-de-tecnologia-em-gestao-cultural-na-modalidade-educacao-a-distancia\/\" data-type=\"link\" data-id=\"https:\/\/cipead.ufpr.br\/index.php\/edital_ufpr\/resultado-preliminar-da-etapa-2-do-processo-seletivo-com-vistas-a-concessao-de-bolsas-para-professor-formador-i-no-curso-superior-de-tecnologia-em-gestao-cultural-na-modalidade-educacao-a-distancia\/\">A Comiss\u00e3o do Processo Seletivo, referente ao Edital N\u00ba 08\/2024, designada pela Coordena\u00e7\u00e3o Geral do Programa Sistema UAB, na UFPR, (documento SEI n\u00ba 6951788), torna p\u00fablica o Resultado Preliminar da Etapa 2 do Processo Seletivo com vistas \u00e0 concess\u00e3o de bolsas para Professor Formador I no Curso Superior de Tecnologia em Gest\u00e3o Cultural, na modalidade Educa\u00e7\u00e3o a Dist\u00e2ncia, do Setor de Educa\u00e7\u00e3o Profissional e Tecnol\u00f3gica (SEPT), pelo Programa Sistema UAB, mantido pela Diretoria de Educa\u00e7\u00e3o a Dist\u00e2ncia (DED), da Coordena\u00e7\u00e3o de Aperfei\u00e7oamento de Pessoal de N\u00edvel Superior (CAPES), do Minist\u00e9rio da Educa\u00e7\u00e3o (MEC), com fundamento no Decreto N\u00ba 5.800\/2006, nas Portarias CAPES N\u00ba 183\/2016 e N\u00ba 102\/2019.<\/a><\/p>\n\n\n\n<p><a href=\"https:\/\/cipead.ufpr.br\/index.php\/edital_ufpr\/resultado-preliminar-da-etapa-2-do-processo-seletivo-com-vistas-a-concessao-de-bolsas-para-professor-formador-i-no-curso-superior-de-tecnologia-em-gestao-cultural-na-modalidade-educacao-a-distancia\/\" data-type=\"link\" data-id=\"https:\/\/cipead.ufpr.br\/index.php\/edital_ufpr\/resultado-preliminar-da-etapa-2-do-processo-seletivo-com-vistas-a-concessao-de-bolsas-para-professor-formador-i-no-curso-superior-de-tecnologia-em-gestao-cultural-na-modalidade-educacao-a-distancia\/\">Clique aqui para ler o edital<\/a><\/p>\n","protected":false},"excerpt":{"rendered":"<p>A Comiss\u00e3o do Processo Seletivo, referente ao Edital N\u00ba 08\/2024, designada pela Coordena\u00e7\u00e3o Geral do Programa Sistema UAB, na UFPR, (documento SEI n\u00ba 6951788), torna p\u00fablica o Resultado Preliminar da Etapa 2 do Processo Seletivo com vistas \u00e0 concess\u00e3o de&#8230; <a href=\"https:\/\/cipead.ufpr.br\/index.php\/2024\/08\/27\/edital-no-10-2024-resultado-preliminar-da-etapa-2-do-processo-seletivo-com-vistas-a-concessao-de-bolsas-para-professor-formador-i-no-curso-superior-de-tecnologia-em-gestao-cultural-na-modalidade\/\" class=\"readmore\">Leia mais&#8230;<span class=\"screen-reader-text\">EDITAL N\u00ba 10 \/ 2024 &#8211; Resultado Preliminar da Etapa 2 do Processo Seletivo com vistas \u00e0 concess\u00e3o de bolsas para Professor Formador I no Curso Superior de Tecnologia em Gest\u00e3o Cultural, na modalidade Educa\u00e7\u00e3o a Dist\u00e2ncia, do Setor de Educa\u00e7\u00e3o Profissional e Tecnol\u00f3gica (SEPT), pelo Programa Sistema UAB (Processo n\u00ba 23075.001695\/2024-54).<\/span><span class=\"fa fa-angle-double-right\" aria-hidden=\"true\"><\/span><\/a><\/p>\n","protected":false},"author":41,"featured_media":0,"comment_status":"closed","ping_status":"open","sticky":false,"template":"","format":"standard","meta":{"_eb_attr":"","footnotes":""},"categories":[149,85],"tags":[],"class_list":["post-7724","post","type-post","status-publish","format-standard","hentry","category-editais","category-ultimas-noticias","content-layout-excerpt-thumb"],"_links":{"self":[{"href":"https:\/\/cipead.ufpr.br\/index.php\/wp-json\/wp\/v2\/posts\/7724","targetHints":{"allow":["GET"]}}],"collection":[{"href":"https:\/\/cipead.ufpr.br\/index.php\/wp-json\/wp\/v2\/posts"}],"about":[{"href":"https:\/\/cipead.ufpr.br\/index.php\/wp-json\/wp\/v2\/types\/post"}],"author":[{"embeddable":true,"href":"https:\/\/cipead.ufpr.br\/index.php\/wp-json\/wp\/v2\/users\/41"}],"replies":[{"embeddable":true,"href":"https:\/\/cipead.ufpr.br\/index.php\/wp-json\/wp\/v2\/comments?post=7724"}],"version-history":[{"count":2,"href":"https:\/\/cipead.ufpr.br\/index.php\/wp-json\/wp\/v2\/posts\/7724\/revisions"}],"predecessor-version":[{"id":7728,"href":"https:\/\/cipead.ufpr.br\/index.php\/wp-json\/wp\/v2\/posts\/7724\/revisions\/7728"}],"wp:attachment":[{"href":"https:\/\/cipead.ufpr.br\/index.php\/wp-json\/wp\/v2\/media?parent=7724"}],"wp:term":[{"taxonomy":"category","embeddable":true,"href":"https:\/\/cipead.ufpr.br\/index.php\/wp-json\/wp\/v2\/categories?post=7724"},{"taxonomy":"post_tag","embeddable":true,"href":"https:\/\/cipead.ufpr.br\/index.php\/wp-json\/wp\/v2\/tags?post=7724"}],"curies":[{"name":"wp","href":"https:\/\/api.w.org\/{rel}","templated":true}]}}