{"id":7831,"date":"2024-10-23T12:29:16","date_gmt":"2024-10-23T15:29:16","guid":{"rendered":"https:\/\/cipead.ufpr.br\/?p=7831"},"modified":"2025-03-25T10:32:18","modified_gmt":"2025-03-25T13:32:18","slug":"edital-no-06-2024-processo-seletivo-para-selecao-e-composicao-de-cadastro-reserva-de-tutor-para-atendimento-educacional-especializado-aee-na-modalidade-de-educacao-a-distancia-no-ambit","status":"publish","type":"post","link":"https:\/\/cipead.ufpr.br\/index.php\/2024\/10\/23\/edital-no-06-2024-processo-seletivo-para-selecao-e-composicao-de-cadastro-reserva-de-tutor-para-atendimento-educacional-especializado-aee-na-modalidade-de-educacao-a-distancia-no-ambit\/","title":{"rendered":"EDITAL N\u00ba 06\/2024 &#8211; Processo Seletivo para sele\u00e7\u00e3o\u00a0e composi\u00e7\u00e3o de cadastro reserva de Tutor para\u00a0Atendimento Educacional Especializado (AEE), na modalidade de Educa\u00e7\u00e3o a Dist\u00e2ncia, no \u00e2mbito dos Cursos\u00a0ofertados pelo Programa Sistema UAB."},"content":{"rendered":"\n<p>A Coordena\u00e7\u00e3o Geral do Programa Sistema Universidade Aberta do Brasil (UAB), na Universidade Federal do Paran\u00e1 (UFPR), pela Coordenadoria de Integra\u00e7\u00e3o de Pol\u00edticas de Educa\u00e7\u00e3o a Dist\u00e2ncia (CIPEAD\/PROGRAD), torna p\u00fablica a abertura de Processo Seletivo para sele\u00e7\u00e3o&nbsp;e composi\u00e7\u00e3o de cadastro reserva de Tutor para&nbsp;<strong>Atendimento Educacional Especializado (AEE)<\/strong>, na modalidade de Educa\u00e7\u00e3o a Dist\u00e2ncia, no \u00e2mbito dos Cursos&nbsp;ofertados pelo Programa Sistema UAB, mantido pela Diretoria de Educa\u00e7\u00e3o a Dist\u00e2ncia (DED), da Coordena\u00e7\u00e3o de Aperfei\u00e7oamento de Pessoal de N\u00edvel Superior (CAPES), do Minist\u00e9rio da Educa\u00e7\u00e3o (MEC), com fundamento no Decreto N\u00ba 5.800\/2006, nas Portarias CAPES N\u00ba 183\/2016 e N\u00ba 102\/2019.<\/p>\n\n\n\n<p><a href=\"https:\/\/cipead.ufpr.br\/wp-content\/uploads\/2024\/10\/SEI_7175245_Edital_06-1.pdf\" data-type=\"link\" data-id=\"https:\/\/cipead.ufpr.br\/wp-content\/uploads\/2024\/10\/SEI_7175245_Edital_06-1.pdf\">Clique aqui para ler o edital<\/a><\/p>\n","protected":false},"excerpt":{"rendered":"<p>A Coordena\u00e7\u00e3o Geral do Programa Sistema Universidade Aberta do Brasil (UAB), na Universidade Federal do Paran\u00e1 (UFPR), pela Coordenadoria de Integra\u00e7\u00e3o de Pol\u00edticas de Educa\u00e7\u00e3o a Dist\u00e2ncia (CIPEAD\/PROGRAD), torna p\u00fablica a abertura de Processo Seletivo para sele\u00e7\u00e3o&nbsp;e composi\u00e7\u00e3o de cadastro&#8230; <a href=\"https:\/\/cipead.ufpr.br\/index.php\/2024\/10\/23\/edital-no-06-2024-processo-seletivo-para-selecao-e-composicao-de-cadastro-reserva-de-tutor-para-atendimento-educacional-especializado-aee-na-modalidade-de-educacao-a-distancia-no-ambit\/\" class=\"readmore\">Leia mais&#8230;<span class=\"screen-reader-text\">EDITAL N\u00ba 06\/2024 &#8211; Processo Seletivo para sele\u00e7\u00e3o\u00a0e composi\u00e7\u00e3o de cadastro reserva de Tutor para\u00a0Atendimento Educacional Especializado (AEE), na modalidade de Educa\u00e7\u00e3o a Dist\u00e2ncia, no \u00e2mbito dos Cursos\u00a0ofertados pelo Programa Sistema UAB.<\/span><span class=\"fa fa-angle-double-right\" aria-hidden=\"true\"><\/span><\/a><\/p>\n","protected":false},"author":41,"featured_media":0,"comment_status":"closed","ping_status":"open","sticky":false,"template":"","format":"standard","meta":{"_eb_attr":"","footnotes":""},"categories":[149,85],"tags":[],"class_list":["post-7831","post","type-post","status-publish","format-standard","hentry","category-editais","category-ultimas-noticias","content-layout-excerpt-thumb"],"_links":{"self":[{"href":"https:\/\/cipead.ufpr.br\/index.php\/wp-json\/wp\/v2\/posts\/7831","targetHints":{"allow":["GET"]}}],"collection":[{"href":"https:\/\/cipead.ufpr.br\/index.php\/wp-json\/wp\/v2\/posts"}],"about":[{"href":"https:\/\/cipead.ufpr.br\/index.php\/wp-json\/wp\/v2\/types\/post"}],"author":[{"embeddable":true,"href":"https:\/\/cipead.ufpr.br\/index.php\/wp-json\/wp\/v2\/users\/41"}],"replies":[{"embeddable":true,"href":"https:\/\/cipead.ufpr.br\/index.php\/wp-json\/wp\/v2\/comments?post=7831"}],"version-history":[{"count":3,"href":"https:\/\/cipead.ufpr.br\/index.php\/wp-json\/wp\/v2\/posts\/7831\/revisions"}],"predecessor-version":[{"id":7836,"href":"https:\/\/cipead.ufpr.br\/index.php\/wp-json\/wp\/v2\/posts\/7831\/revisions\/7836"}],"wp:attachment":[{"href":"https:\/\/cipead.ufpr.br\/index.php\/wp-json\/wp\/v2\/media?parent=7831"}],"wp:term":[{"taxonomy":"category","embeddable":true,"href":"https:\/\/cipead.ufpr.br\/index.php\/wp-json\/wp\/v2\/categories?post=7831"},{"taxonomy":"post_tag","embeddable":true,"href":"https:\/\/cipead.ufpr.br\/index.php\/wp-json\/wp\/v2\/tags?post=7831"}],"curies":[{"name":"wp","href":"https:\/\/api.w.org\/{rel}","templated":true}]}}