{"id":9160,"date":"2025-04-24T19:49:52","date_gmt":"2025-04-24T22:49:52","guid":{"rendered":"https:\/\/cipead.ufpr.br\/?p=9160"},"modified":"2025-04-24T19:49:53","modified_gmt":"2025-04-24T22:49:53","slug":"edital-no-15-2025-resultado-preliminar-e-convocacao-para-entrevista-selecao-de-bolsistas-para-atuacao-nas-areas-de-audiovisual-e-suporte-de-tecnologia-da-informacao-no-laboratorio-de-cultura-digit","status":"publish","type":"post","link":"https:\/\/cipead.ufpr.br\/index.php\/2025\/04\/24\/edital-no-15-2025-resultado-preliminar-e-convocacao-para-entrevista-selecao-de-bolsistas-para-atuacao-nas-areas-de-audiovisual-e-suporte-de-tecnologia-da-informacao-no-laboratorio-de-cultura-digit\/","title":{"rendered":"EDITAL N\u00ba 15\/2025 &#8211; RESULTADO PRELIMINAR E CONVOCA\u00c7\u00c3O PARA ENTREVISTA &#8211; SELE\u00c7\u00c3O DE BOLSISTAS PARA ATUA\u00c7\u00c3O NAS AREAS DE AUDIOVISUAL E SUPORTE DE TECNOLOGIA DA INFORMA\u00c7\u00c3O NO LABORAT\u00d3RIO DE CULTURA DIGITAL, DA UNIVERSIDADE FEDERAL DO PARAN\u00c1 (UFPR)"},"content":{"rendered":"\n<p>A Superintend\u00eancia de Educa\u00e7\u00e3o a Dist\u00e2ncia e Inova\u00e7\u00f5es Pedag\u00f3gicas (SEaDIP), no uso de suas atribui\u00e7\u00f5es e prerrogativas legais, torna p\u00fablico o <strong>Resultado Preliminar para sele\u00e7\u00e3o de bolsistas para atua\u00e7\u00e3o nas \u00e1reas de audiovisual e suporte de tecnologia da informa\u00e7\u00e3o (TI)<\/strong>, no Projeto de Extens\u00e3o Laborat\u00f3rio de Cultura Digital, da Universidade Federal do Paran\u00e1 (UFPR), para apoiar e assessorar as atividades conforme disposi\u00e7\u00f5es do edital.\u00a0<br><br><a href=\"https:\/\/cipead.ufpr.br\/wp-content\/uploads\/2025\/04\/SEI_7722618_Edital_15_2025.pdf\">Clique aqui para acessar o edital.<\/a><\/p>\n","protected":false},"excerpt":{"rendered":"<p>A Superintend\u00eancia de Educa\u00e7\u00e3o a Dist\u00e2ncia e Inova\u00e7\u00f5es Pedag\u00f3gicas (SEaDIP), no uso de suas atribui\u00e7\u00f5es e prerrogativas legais, torna p\u00fablico o Resultado Preliminar para sele\u00e7\u00e3o de bolsistas para atua\u00e7\u00e3o nas \u00e1reas de audiovisual e suporte de tecnologia da informa\u00e7\u00e3o (TI),&#8230; <a href=\"https:\/\/cipead.ufpr.br\/index.php\/2025\/04\/24\/edital-no-15-2025-resultado-preliminar-e-convocacao-para-entrevista-selecao-de-bolsistas-para-atuacao-nas-areas-de-audiovisual-e-suporte-de-tecnologia-da-informacao-no-laboratorio-de-cultura-digit\/\" class=\"readmore\">Leia mais&#8230;<span class=\"screen-reader-text\">EDITAL N\u00ba 15\/2025 &#8211; RESULTADO PRELIMINAR E CONVOCA\u00c7\u00c3O PARA ENTREVISTA &#8211; SELE\u00c7\u00c3O DE BOLSISTAS PARA ATUA\u00c7\u00c3O NAS AREAS DE AUDIOVISUAL E SUPORTE DE TECNOLOGIA DA INFORMA\u00c7\u00c3O NO LABORAT\u00d3RIO DE CULTURA DIGITAL, DA UNIVERSIDADE FEDERAL DO PARAN\u00c1 (UFPR)<\/span><span class=\"fa fa-angle-double-right\" aria-hidden=\"true\"><\/span><\/a><\/p>\n","protected":false},"author":39,"featured_media":0,"comment_status":"closed","ping_status":"open","sticky":false,"template":"","format":"standard","meta":{"_eb_attr":"","footnotes":""},"categories":[149,154,151],"tags":[],"class_list":["post-9160","post","type-post","status-publish","format-standard","hentry","category-editais","category-entrevista","category-homologacao","content-layout-excerpt-thumb"],"_links":{"self":[{"href":"https:\/\/cipead.ufpr.br\/index.php\/wp-json\/wp\/v2\/posts\/9160","targetHints":{"allow":["GET"]}}],"collection":[{"href":"https:\/\/cipead.ufpr.br\/index.php\/wp-json\/wp\/v2\/posts"}],"about":[{"href":"https:\/\/cipead.ufpr.br\/index.php\/wp-json\/wp\/v2\/types\/post"}],"author":[{"embeddable":true,"href":"https:\/\/cipead.ufpr.br\/index.php\/wp-json\/wp\/v2\/users\/39"}],"replies":[{"embeddable":true,"href":"https:\/\/cipead.ufpr.br\/index.php\/wp-json\/wp\/v2\/comments?post=9160"}],"version-history":[{"count":1,"href":"https:\/\/cipead.ufpr.br\/index.php\/wp-json\/wp\/v2\/posts\/9160\/revisions"}],"predecessor-version":[{"id":9162,"href":"https:\/\/cipead.ufpr.br\/index.php\/wp-json\/wp\/v2\/posts\/9160\/revisions\/9162"}],"wp:attachment":[{"href":"https:\/\/cipead.ufpr.br\/index.php\/wp-json\/wp\/v2\/media?parent=9160"}],"wp:term":[{"taxonomy":"category","embeddable":true,"href":"https:\/\/cipead.ufpr.br\/index.php\/wp-json\/wp\/v2\/categories?post=9160"},{"taxonomy":"post_tag","embeddable":true,"href":"https:\/\/cipead.ufpr.br\/index.php\/wp-json\/wp\/v2\/tags?post=9160"}],"curies":[{"name":"wp","href":"https:\/\/api.w.org\/{rel}","templated":true}]}}