{"id":9423,"date":"2025-06-16T11:06:59","date_gmt":"2025-06-16T14:06:59","guid":{"rendered":"https:\/\/cipead.ufpr.br\/?p=9423"},"modified":"2025-06-16T11:18:16","modified_gmt":"2025-06-16T14:18:16","slug":"edital-no-20-2025-resultado-final-da-homologacao-das-inscricoes-processo-seletivo-para-professor-do-curso-de-graduacao-em-pedagogia-ead-da-universidade-aberta-do-brasil-no-ambito-da-universidade-f","status":"publish","type":"post","link":"https:\/\/cipead.ufpr.br\/index.php\/2025\/06\/16\/edital-no-20-2025-resultado-final-da-homologacao-das-inscricoes-processo-seletivo-para-professor-do-curso-de-graduacao-em-pedagogia-ead-da-universidade-aberta-do-brasil-no-ambito-da-universidade-f\/","title":{"rendered":"EDITAL N\u00ba 20\/2025 &#8211; RESULTADO FINAL DA HOMOLOGA\u00c7\u00c3O DAS INSCRI\u00c7\u00d5ES &#8211; PROCESSO SELETIVO PARA PROFESSOR DO CURSO DE GRADUA\u00c7\u00c3O EM PEDAGOGIA EAD DA UNIVERSIDADE ABERTA DO BRASIL NO \u00c2MBITO DA UNIVERSIDADE FEDERAL DO PARAN\u00c1."},"content":{"rendered":"\n<p>A Universidade Federal do Paran\u00e1 \u2013 (UFPR), Institui\u00e7\u00e3o de Ensino Superior integrante do Sistema Federal de Ensino, participante do programa de forma\u00e7\u00e3o a dist\u00e2ncia institu\u00eddo pelo Minist\u00e9rio da Educa\u00e7\u00e3o\/MEC para a oferta do ensino superior gratuito e de qualidade no Brasil, torna p\u00fablica\u00a0<strong>o resultado final da homologa\u00e7\u00e3o das inscri\u00e7\u00f5es\u00a0<\/strong>do Processo Seletivo de Professores para atuarem nos cursos do Sistema Universidade Aberta do Brasil (UAB) da UFPR, oferecidos com o apoio da Superintend\u00eancia de Educa\u00e7\u00e3o a Dist\u00e2ncia e Inova\u00e7\u00f5es Pedag\u00f3gicas (SEaDIP\/UFPR), em conformidade com a(s): Lei n\u00ba 9.394\/1996, no Artigo 80; Lei n\u00ba 11.273, de 06 de fevereiro de 2006; Decreto n\u00ba 5.800, de 08 de junho de 2006; Decreto N\u00ba 9.057, de 25 de maio de 2017, Instru\u00e7\u00e3o Normativa n\u00ba 2, de 19 de abril de 2017; Portaria Conjunta CAPES\/CNPQ n\u00ba 02, de 10 de abril de 2013; Portaria CAPES n\u00ba 33, de 16 de fevereiro de 2023; Portaria CAPES n\u00ba 133, de 10 de julho de 2023; Portaria CAPES n\u00ba 309, de 27 de setembro de 2024.<\/p>\n\n\n\n<p><a href=\"https:\/\/cipead.ufpr.br\/wp-content\/uploads\/2025\/06\/SEI_7867309_Edital_20_2025.pdf\" target=\"_blank\" rel=\"noreferrer noopener\">Clique aqui para ler o edital<\/a><\/p>\n","protected":false},"excerpt":{"rendered":"<p>A Universidade Federal do Paran\u00e1 \u2013 (UFPR), Institui\u00e7\u00e3o de Ensino Superior integrante do Sistema Federal de Ensino, participante do programa de forma\u00e7\u00e3o a dist\u00e2ncia institu\u00eddo pelo Minist\u00e9rio da Educa\u00e7\u00e3o\/MEC para a oferta do ensino superior gratuito e de qualidade no&#8230; <a href=\"https:\/\/cipead.ufpr.br\/index.php\/2025\/06\/16\/edital-no-20-2025-resultado-final-da-homologacao-das-inscricoes-processo-seletivo-para-professor-do-curso-de-graduacao-em-pedagogia-ead-da-universidade-aberta-do-brasil-no-ambito-da-universidade-f\/\" class=\"readmore\">Leia mais&#8230;<span class=\"screen-reader-text\">EDITAL N\u00ba 20\/2025 &#8211; RESULTADO FINAL DA HOMOLOGA\u00c7\u00c3O DAS INSCRI\u00c7\u00d5ES &#8211; PROCESSO SELETIVO PARA PROFESSOR DO CURSO DE GRADUA\u00c7\u00c3O EM PEDAGOGIA EAD DA UNIVERSIDADE ABERTA DO BRASIL NO \u00c2MBITO DA UNIVERSIDADE FEDERAL DO PARAN\u00c1.<\/span><span class=\"fa fa-angle-double-right\" aria-hidden=\"true\"><\/span><\/a><\/p>\n","protected":false},"author":45,"featured_media":0,"comment_status":"closed","ping_status":"open","sticky":false,"template":"","format":"standard","meta":{"_eb_attr":"","footnotes":""},"categories":[149,150],"tags":[],"class_list":["post-9423","post","type-post","status-publish","format-standard","hentry","category-editais","category-resultados","content-layout-excerpt-thumb"],"_links":{"self":[{"href":"https:\/\/cipead.ufpr.br\/index.php\/wp-json\/wp\/v2\/posts\/9423","targetHints":{"allow":["GET"]}}],"collection":[{"href":"https:\/\/cipead.ufpr.br\/index.php\/wp-json\/wp\/v2\/posts"}],"about":[{"href":"https:\/\/cipead.ufpr.br\/index.php\/wp-json\/wp\/v2\/types\/post"}],"author":[{"embeddable":true,"href":"https:\/\/cipead.ufpr.br\/index.php\/wp-json\/wp\/v2\/users\/45"}],"replies":[{"embeddable":true,"href":"https:\/\/cipead.ufpr.br\/index.php\/wp-json\/wp\/v2\/comments?post=9423"}],"version-history":[{"count":2,"href":"https:\/\/cipead.ufpr.br\/index.php\/wp-json\/wp\/v2\/posts\/9423\/revisions"}],"predecessor-version":[{"id":9428,"href":"https:\/\/cipead.ufpr.br\/index.php\/wp-json\/wp\/v2\/posts\/9423\/revisions\/9428"}],"wp:attachment":[{"href":"https:\/\/cipead.ufpr.br\/index.php\/wp-json\/wp\/v2\/media?parent=9423"}],"wp:term":[{"taxonomy":"category","embeddable":true,"href":"https:\/\/cipead.ufpr.br\/index.php\/wp-json\/wp\/v2\/categories?post=9423"},{"taxonomy":"post_tag","embeddable":true,"href":"https:\/\/cipead.ufpr.br\/index.php\/wp-json\/wp\/v2\/tags?post=9423"}],"curies":[{"name":"wp","href":"https:\/\/api.w.org\/{rel}","templated":true}]}}