{"id":9678,"date":"2025-06-30T15:06:57","date_gmt":"2025-06-30T18:06:57","guid":{"rendered":"https:\/\/cipead.ufpr.br\/?p=9678"},"modified":"2025-06-30T15:06:57","modified_gmt":"2025-06-30T18:06:57","slug":"edital-no-23-2025-resultado-preliminar-processo-seletivo-para-professor-do-curso-de-graduacao-em-pedagogia-ead-da-universidade-aberta-do-brasil-no-ambito-da-universidade-federal-do-parana","status":"publish","type":"post","link":"https:\/\/cipead.ufpr.br\/index.php\/2025\/06\/30\/edital-no-23-2025-resultado-preliminar-processo-seletivo-para-professor-do-curso-de-graduacao-em-pedagogia-ead-da-universidade-aberta-do-brasil-no-ambito-da-universidade-federal-do-parana\/","title":{"rendered":"EDITAL N\u00ba 23\/2025 &#8211; RESULTADO PRELIMINAR &#8211; PROCESSO SELETIVO PARA PROFESSOR DO CURSO DE GRADUA\u00c7\u00c3O EM PEDAGOGIA EAD DA UNIVERSIDADE ABERTA DO BRASIL NO \u00c2MBITO DA UNIVERSIDADE FEDERAL DO PARAN\u00c1."},"content":{"rendered":"\n<p>A Universidade Federal do Paran\u00e1 \u2013 (UFPR), Institui\u00e7\u00e3o de Ensino Superior integrante do Sistema Federal de Ensino, participante do programa de forma\u00e7\u00e3o a dist\u00e2ncia institu\u00eddo pelo Minist\u00e9rio da Educa\u00e7\u00e3o\/MEC para a oferta do ensino superior gratuito e de qualidade no Brasil, torna p\u00fablica\u00a0<strong>o resultado preliminar\u00a0<\/strong>do Processo Seletivo de Professores para atuarem nos cursos do Sistema Universidade Aberta do Brasil (UAB) da UFPR, oferecidos com o apoio da Superintend\u00eancia de Educa\u00e7\u00e3o a Dist\u00e2ncia e Inova\u00e7\u00f5es Pedag\u00f3gicas (SEaDIP\/UFPR), em conformidade com a(s): Lei n\u00ba 9.394\/1996, no Artigo 80; Lei n\u00ba 11.273, de 06 de fevereiro de 2006; Decreto n\u00ba 5.800, de 08 de junho de 2006; Decreto N\u00ba 9.057, de 25 de maio de 2017, Instru\u00e7\u00e3o Normativa n\u00ba 2, de 19 de abril de 2017; Portaria Conjunta CAPES\/CNPQ n\u00ba 02, de 10 de abril de 2013; Portaria CAPES n\u00ba 33, de 16 de fevereiro de 2023; Portaria CAPES n\u00ba 133, de 10 de julho de 2023; Portaria CAPES n\u00ba 309, de 27 de setembro de 2024.<\/p>\n\n\n\n<p><a href=\"https:\/\/cipead.ufpr.br\/wp-content\/uploads\/2025\/06\/SEI_7900465_Edital_23.pdf\" target=\"_blank\" rel=\"noreferrer noopener\">Clique aqui para ler o edital<\/a><\/p>\n","protected":false},"excerpt":{"rendered":"<p>A Universidade Federal do Paran\u00e1 \u2013 (UFPR), Institui\u00e7\u00e3o de Ensino Superior integrante do Sistema Federal de Ensino, participante do programa de forma\u00e7\u00e3o a dist\u00e2ncia institu\u00eddo pelo Minist\u00e9rio da Educa\u00e7\u00e3o\/MEC para a oferta do ensino superior gratuito e de qualidade no&#8230; <a href=\"https:\/\/cipead.ufpr.br\/index.php\/2025\/06\/30\/edital-no-23-2025-resultado-preliminar-processo-seletivo-para-professor-do-curso-de-graduacao-em-pedagogia-ead-da-universidade-aberta-do-brasil-no-ambito-da-universidade-federal-do-parana\/\" class=\"readmore\">Leia mais&#8230;<span class=\"screen-reader-text\">EDITAL N\u00ba 23\/2025 &#8211; RESULTADO PRELIMINAR &#8211; PROCESSO SELETIVO PARA PROFESSOR DO CURSO DE GRADUA\u00c7\u00c3O EM PEDAGOGIA EAD DA UNIVERSIDADE ABERTA DO BRASIL NO \u00c2MBITO DA UNIVERSIDADE FEDERAL DO PARAN\u00c1.<\/span><span class=\"fa fa-angle-double-right\" aria-hidden=\"true\"><\/span><\/a><\/p>\n","protected":false},"author":45,"featured_media":0,"comment_status":"closed","ping_status":"open","sticky":false,"template":"","format":"standard","meta":{"_eb_attr":"","footnotes":""},"categories":[149,150],"tags":[],"class_list":["post-9678","post","type-post","status-publish","format-standard","hentry","category-editais","category-resultados","content-layout-excerpt-thumb"],"_links":{"self":[{"href":"https:\/\/cipead.ufpr.br\/index.php\/wp-json\/wp\/v2\/posts\/9678","targetHints":{"allow":["GET"]}}],"collection":[{"href":"https:\/\/cipead.ufpr.br\/index.php\/wp-json\/wp\/v2\/posts"}],"about":[{"href":"https:\/\/cipead.ufpr.br\/index.php\/wp-json\/wp\/v2\/types\/post"}],"author":[{"embeddable":true,"href":"https:\/\/cipead.ufpr.br\/index.php\/wp-json\/wp\/v2\/users\/45"}],"replies":[{"embeddable":true,"href":"https:\/\/cipead.ufpr.br\/index.php\/wp-json\/wp\/v2\/comments?post=9678"}],"version-history":[{"count":1,"href":"https:\/\/cipead.ufpr.br\/index.php\/wp-json\/wp\/v2\/posts\/9678\/revisions"}],"predecessor-version":[{"id":9680,"href":"https:\/\/cipead.ufpr.br\/index.php\/wp-json\/wp\/v2\/posts\/9678\/revisions\/9680"}],"wp:attachment":[{"href":"https:\/\/cipead.ufpr.br\/index.php\/wp-json\/wp\/v2\/media?parent=9678"}],"wp:term":[{"taxonomy":"category","embeddable":true,"href":"https:\/\/cipead.ufpr.br\/index.php\/wp-json\/wp\/v2\/categories?post=9678"},{"taxonomy":"post_tag","embeddable":true,"href":"https:\/\/cipead.ufpr.br\/index.php\/wp-json\/wp\/v2\/tags?post=9678"}],"curies":[{"name":"wp","href":"https:\/\/api.w.org\/{rel}","templated":true}]}}