{"id":9690,"date":"2025-07-01T19:34:19","date_gmt":"2025-07-01T22:34:19","guid":{"rendered":"https:\/\/cipead.ufpr.br\/?p=9690"},"modified":"2025-07-01T19:34:19","modified_gmt":"2025-07-01T22:34:19","slug":"edital-no-25-2025-resultado-preliminar-processo-seletivo-para-professor-formador-i-no-ambito-do-curso-de-especializacao-em-gestao-em-saude-ead-uab-ufpr","status":"publish","type":"post","link":"https:\/\/cipead.ufpr.br\/index.php\/2025\/07\/01\/edital-no-25-2025-resultado-preliminar-processo-seletivo-para-professor-formador-i-no-ambito-do-curso-de-especializacao-em-gestao-em-saude-ead-uab-ufpr\/","title":{"rendered":"EDITAL N\u00ba 25\/2025 &#8211; RESULTADO PRELIMINAR &#8211; PROCESSO SELETIVO PARA PROFESSOR FORMADOR I NO \u00c2MBITO DO CURSO DE ESPECIALIZA\u00c7\u00c3O EM GEST\u00c3O EM SA\u00daDE EAD &#8211; UAB\/UFPR."},"content":{"rendered":"\n<p>Aos 30 dias do m\u00eas de junho de 2025, \u00e0s 14h, a comiss\u00e3o de avalia\u00e7\u00e3o do processo seletivo com vistas \u00e0 sele\u00e7\u00e3o de Professor Formador I, no \u00e2mbito do Curso de Especializa\u00e7\u00e3o em Gest\u00e3o da Sa\u00fade na modalidade Educa\u00e7\u00e3o a Dist\u00e2ncia, ofertado pelo Programa Sistema UAB, reuniu-se para an\u00e1lise dos documentos enviados pelos inscritos homologados, conforme Edital n\u00ba 19\/2025 Processo n\u00ba 23075.031940\/2025-39.<\/p>\n\n\n\n<p><a href=\"https:\/\/cipead.ufpr.br\/wp-content\/uploads\/2025\/07\/SEI_7911073_Edital_25_2025.pdf\" target=\"_blank\" rel=\"noreferrer noopener\">Clique aqui para ler o edital<\/a><\/p>\n","protected":false},"excerpt":{"rendered":"<p>Aos 30 dias do m\u00eas de junho de 2025, \u00e0s 14h, a comiss\u00e3o de avalia\u00e7\u00e3o do processo seletivo com vistas \u00e0 sele\u00e7\u00e3o de Professor Formador I, no \u00e2mbito do Curso de Especializa\u00e7\u00e3o em Gest\u00e3o da Sa\u00fade na modalidade Educa\u00e7\u00e3o a&#8230; <a href=\"https:\/\/cipead.ufpr.br\/index.php\/2025\/07\/01\/edital-no-25-2025-resultado-preliminar-processo-seletivo-para-professor-formador-i-no-ambito-do-curso-de-especializacao-em-gestao-em-saude-ead-uab-ufpr\/\" class=\"readmore\">Leia mais&#8230;<span class=\"screen-reader-text\">EDITAL N\u00ba 25\/2025 &#8211; RESULTADO PRELIMINAR &#8211; PROCESSO SELETIVO PARA PROFESSOR FORMADOR I NO \u00c2MBITO DO CURSO DE ESPECIALIZA\u00c7\u00c3O EM GEST\u00c3O EM SA\u00daDE EAD &#8211; UAB\/UFPR.<\/span><span class=\"fa fa-angle-double-right\" aria-hidden=\"true\"><\/span><\/a><\/p>\n","protected":false},"author":45,"featured_media":0,"comment_status":"closed","ping_status":"open","sticky":false,"template":"","format":"standard","meta":{"_eb_attr":"","footnotes":""},"categories":[149,150],"tags":[],"class_list":["post-9690","post","type-post","status-publish","format-standard","hentry","category-editais","category-resultados","content-layout-excerpt-thumb"],"_links":{"self":[{"href":"https:\/\/cipead.ufpr.br\/index.php\/wp-json\/wp\/v2\/posts\/9690","targetHints":{"allow":["GET"]}}],"collection":[{"href":"https:\/\/cipead.ufpr.br\/index.php\/wp-json\/wp\/v2\/posts"}],"about":[{"href":"https:\/\/cipead.ufpr.br\/index.php\/wp-json\/wp\/v2\/types\/post"}],"author":[{"embeddable":true,"href":"https:\/\/cipead.ufpr.br\/index.php\/wp-json\/wp\/v2\/users\/45"}],"replies":[{"embeddable":true,"href":"https:\/\/cipead.ufpr.br\/index.php\/wp-json\/wp\/v2\/comments?post=9690"}],"version-history":[{"count":2,"href":"https:\/\/cipead.ufpr.br\/index.php\/wp-json\/wp\/v2\/posts\/9690\/revisions"}],"predecessor-version":[{"id":9708,"href":"https:\/\/cipead.ufpr.br\/index.php\/wp-json\/wp\/v2\/posts\/9690\/revisions\/9708"}],"wp:attachment":[{"href":"https:\/\/cipead.ufpr.br\/index.php\/wp-json\/wp\/v2\/media?parent=9690"}],"wp:term":[{"taxonomy":"category","embeddable":true,"href":"https:\/\/cipead.ufpr.br\/index.php\/wp-json\/wp\/v2\/categories?post=9690"},{"taxonomy":"post_tag","embeddable":true,"href":"https:\/\/cipead.ufpr.br\/index.php\/wp-json\/wp\/v2\/tags?post=9690"}],"curies":[{"name":"wp","href":"https:\/\/api.w.org\/{rel}","templated":true}]}}