{"id":9738,"date":"2025-07-11T18:48:37","date_gmt":"2025-07-11T21:48:37","guid":{"rendered":"https:\/\/cipead.ufpr.br\/?p=9738"},"modified":"2025-07-11T18:48:38","modified_gmt":"2025-07-11T21:48:38","slug":"edital-no-31-2025-homologacao-das-inscricoes-processo-seletivo-para-professor-do-curso-de-gestao-cultural-ead-da-universidade-aberta-do-brasil-no-ambito-da-universidade-federal-do-parana","status":"publish","type":"post","link":"https:\/\/cipead.ufpr.br\/index.php\/2025\/07\/11\/edital-no-31-2025-homologacao-das-inscricoes-processo-seletivo-para-professor-do-curso-de-gestao-cultural-ead-da-universidade-aberta-do-brasil-no-ambito-da-universidade-federal-do-parana\/","title":{"rendered":"EDITAL N\u00ba 31\/2025 &#8211; HOMOLOGA\u00c7\u00c3O DAS INSCRI\u00c7\u00d5ES &#8211; PROCESSO SELETIVO PARA PROFESSOR DO CURSO DE GEST\u00c3O CULTURAL EAD DA UNIVERSIDADE ABERTA DO BRASIL NO \u00c2MBITO DA UNIVERSIDADE FEDERAL DO PARAN\u00c1"},"content":{"rendered":"\n<p>A Superintend\u00eancia de Educa\u00e7\u00e3o a Dist\u00e2ncia e Inova\u00e7\u00f5es Pedag\u00f3gicas (SEADIP), em conjunto com a Coordena\u00e7\u00e3o do Programa Sistema Universidade Aberta do Brasil (UAB), na Universidade Federal do Paran\u00e1 (UFPR), no uso de suas atribui\u00e7\u00f5es e em cumprimento \u00e0s previs\u00f5es legais, por meio da Comiss\u00e3o de Sele\u00e7\u00e3o regularmente designada (7941762), torna p\u00fablico o <strong>Edital de homologa\u00e7\u00e3o das Inscri\u00e7\u00f5es da Sele\u00e7\u00e3o para Concess\u00e3o de Bolsa de Professor para atuar no Programa Sistema UAB da UFPR <\/strong>, mantido pela Diretoria de Educa\u00e7\u00e3o a Dist\u00e2ncia (DED), da Coordena\u00e7\u00e3o de Aperfei\u00e7oamento de Pessoal de N\u00edvel Superior (CAPES), do Minist\u00e9rio da Educa\u00e7\u00e3o (MEC), com fundamento no Decreto N\u00ba 5.800\/2006 e na Portaria CAPES N\u00ba 309\/2024; e, na UFPR, pelas Resolu\u00e7\u00f5es N\u00ba 83\/08-CEPE e N\u00ba 69\/16-CEPE.<\/p>\n\n\n\n<p><a href=\"https:\/\/cipead.ufpr.br\/wp-content\/uploads\/2025\/07\/SEI_7946034_Edital_31.pdf\">Clique aqui para acessar o edital.<\/a><\/p>\n","protected":false},"excerpt":{"rendered":"<p>A Superintend\u00eancia de Educa\u00e7\u00e3o a Dist\u00e2ncia e Inova\u00e7\u00f5es Pedag\u00f3gicas (SEADIP), em conjunto com a Coordena\u00e7\u00e3o do Programa Sistema Universidade Aberta do Brasil (UAB), na Universidade Federal do Paran\u00e1 (UFPR), no uso de suas atribui\u00e7\u00f5es e em cumprimento \u00e0s previs\u00f5es legais,&#8230; <a href=\"https:\/\/cipead.ufpr.br\/index.php\/2025\/07\/11\/edital-no-31-2025-homologacao-das-inscricoes-processo-seletivo-para-professor-do-curso-de-gestao-cultural-ead-da-universidade-aberta-do-brasil-no-ambito-da-universidade-federal-do-parana\/\" class=\"readmore\">Leia mais&#8230;<span class=\"screen-reader-text\">EDITAL N\u00ba 31\/2025 &#8211; HOMOLOGA\u00c7\u00c3O DAS INSCRI\u00c7\u00d5ES &#8211; PROCESSO SELETIVO PARA PROFESSOR DO CURSO DE GEST\u00c3O CULTURAL EAD DA UNIVERSIDADE ABERTA DO BRASIL NO \u00c2MBITO DA UNIVERSIDADE FEDERAL DO PARAN\u00c1<\/span><span class=\"fa fa-angle-double-right\" aria-hidden=\"true\"><\/span><\/a><\/p>\n","protected":false},"author":39,"featured_media":0,"comment_status":"closed","ping_status":"open","sticky":false,"template":"","format":"standard","meta":{"_eb_attr":"","footnotes":""},"categories":[149,151],"tags":[],"class_list":["post-9738","post","type-post","status-publish","format-standard","hentry","category-editais","category-homologacao","content-layout-excerpt-thumb"],"_links":{"self":[{"href":"https:\/\/cipead.ufpr.br\/index.php\/wp-json\/wp\/v2\/posts\/9738","targetHints":{"allow":["GET"]}}],"collection":[{"href":"https:\/\/cipead.ufpr.br\/index.php\/wp-json\/wp\/v2\/posts"}],"about":[{"href":"https:\/\/cipead.ufpr.br\/index.php\/wp-json\/wp\/v2\/types\/post"}],"author":[{"embeddable":true,"href":"https:\/\/cipead.ufpr.br\/index.php\/wp-json\/wp\/v2\/users\/39"}],"replies":[{"embeddable":true,"href":"https:\/\/cipead.ufpr.br\/index.php\/wp-json\/wp\/v2\/comments?post=9738"}],"version-history":[{"count":1,"href":"https:\/\/cipead.ufpr.br\/index.php\/wp-json\/wp\/v2\/posts\/9738\/revisions"}],"predecessor-version":[{"id":9740,"href":"https:\/\/cipead.ufpr.br\/index.php\/wp-json\/wp\/v2\/posts\/9738\/revisions\/9740"}],"wp:attachment":[{"href":"https:\/\/cipead.ufpr.br\/index.php\/wp-json\/wp\/v2\/media?parent=9738"}],"wp:term":[{"taxonomy":"category","embeddable":true,"href":"https:\/\/cipead.ufpr.br\/index.php\/wp-json\/wp\/v2\/categories?post=9738"},{"taxonomy":"post_tag","embeddable":true,"href":"https:\/\/cipead.ufpr.br\/index.php\/wp-json\/wp\/v2\/tags?post=9738"}],"curies":[{"name":"wp","href":"https:\/\/api.w.org\/{rel}","templated":true}]}}