{"id":9832,"date":"2025-08-12T16:28:06","date_gmt":"2025-08-12T19:28:06","guid":{"rendered":"https:\/\/cipead.ufpr.br\/?p=9832"},"modified":"2025-08-12T16:28:06","modified_gmt":"2025-08-12T19:28:06","slug":"edital-no-24-2025-homologacao-das-inscricoes-lista-definitiva-processo-seletivo-para-tutoria-do-curso-de-especializacao-em-gestao-da-saude-da-universidade-aberta-do-brasil-no-ambito-da-universid","status":"publish","type":"post","link":"https:\/\/cipead.ufpr.br\/index.php\/2025\/08\/12\/edital-no-24-2025-homologacao-das-inscricoes-lista-definitiva-processo-seletivo-para-tutoria-do-curso-de-especializacao-em-gestao-da-saude-da-universidade-aberta-do-brasil-no-ambito-da-universid\/","title":{"rendered":"EDITAL N\u00ba 24\/2025 &#8211; HOMOLOGA\u00c7\u00c3O DAS INSCRI\u00c7\u00d5ES &#8211; LISTA DEFINITIVA &#8211; PROCESSO SELETIVO PARA TUTORIA DO CURSO DE ESPECIALIZA\u00c7\u00c3O EM GEST\u00c3O DA SA\u00daDE DA UNIVERSIDADE ABERTA DO BRASIL NO \u00c2MBITO DA UNIVERSIDADE FEDERAL DO PARAN\u00c1."},"content":{"rendered":"\n<p>A Coordena\u00e7\u00e3o do Curso de Especializa\u00e7\u00e3o em Gest\u00e3o da Sa\u00fade da Universidade Aberta do Brasil, no a\u0302mbito da Universidade Federal do Paran\u00e1, conforme Edital n\u00ba 24\/2025 Processo n\u00ba 23075.031940\/2025-39, ap\u00f3s prazo de recursos, publica lista definitiva com as inscri\u00e7\u00f5es homologadas do processo seletivo para tutoria.<\/p>\n\n\n\n<p><a href=\"https:\/\/cipead.ufpr.br\/wp-content\/uploads\/2025\/08\/SEI_8020590_Edital_24.pdf\" target=\"_blank\" rel=\"noreferrer noopener\">Clique aqui para ler o edital<\/a><\/p>\n","protected":false},"excerpt":{"rendered":"<p>A Coordena\u00e7\u00e3o do Curso de Especializa\u00e7\u00e3o em Gest\u00e3o da Sa\u00fade da Universidade Aberta do Brasil, no a\u0302mbito da Universidade Federal do Paran\u00e1, conforme Edital n\u00ba 24\/2025 Processo n\u00ba 23075.031940\/2025-39, ap\u00f3s prazo de recursos, publica lista definitiva com as inscri\u00e7\u00f5es homologadas&#8230; <a href=\"https:\/\/cipead.ufpr.br\/index.php\/2025\/08\/12\/edital-no-24-2025-homologacao-das-inscricoes-lista-definitiva-processo-seletivo-para-tutoria-do-curso-de-especializacao-em-gestao-da-saude-da-universidade-aberta-do-brasil-no-ambito-da-universid\/\" class=\"readmore\">Leia mais&#8230;<span class=\"screen-reader-text\">EDITAL N\u00ba 24\/2025 &#8211; HOMOLOGA\u00c7\u00c3O DAS INSCRI\u00c7\u00d5ES &#8211; LISTA DEFINITIVA &#8211; PROCESSO SELETIVO PARA TUTORIA DO CURSO DE ESPECIALIZA\u00c7\u00c3O EM GEST\u00c3O DA SA\u00daDE DA UNIVERSIDADE ABERTA DO BRASIL NO \u00c2MBITO DA UNIVERSIDADE FEDERAL DO PARAN\u00c1.<\/span><span class=\"fa fa-angle-double-right\" aria-hidden=\"true\"><\/span><\/a><\/p>\n","protected":false},"author":45,"featured_media":0,"comment_status":"closed","ping_status":"open","sticky":false,"template":"","format":"standard","meta":{"_eb_attr":"","footnotes":""},"categories":[149,151],"tags":[],"class_list":["post-9832","post","type-post","status-publish","format-standard","hentry","category-editais","category-homologacao","content-layout-excerpt-thumb"],"_links":{"self":[{"href":"https:\/\/cipead.ufpr.br\/index.php\/wp-json\/wp\/v2\/posts\/9832","targetHints":{"allow":["GET"]}}],"collection":[{"href":"https:\/\/cipead.ufpr.br\/index.php\/wp-json\/wp\/v2\/posts"}],"about":[{"href":"https:\/\/cipead.ufpr.br\/index.php\/wp-json\/wp\/v2\/types\/post"}],"author":[{"embeddable":true,"href":"https:\/\/cipead.ufpr.br\/index.php\/wp-json\/wp\/v2\/users\/45"}],"replies":[{"embeddable":true,"href":"https:\/\/cipead.ufpr.br\/index.php\/wp-json\/wp\/v2\/comments?post=9832"}],"version-history":[{"count":1,"href":"https:\/\/cipead.ufpr.br\/index.php\/wp-json\/wp\/v2\/posts\/9832\/revisions"}],"predecessor-version":[{"id":9834,"href":"https:\/\/cipead.ufpr.br\/index.php\/wp-json\/wp\/v2\/posts\/9832\/revisions\/9834"}],"wp:attachment":[{"href":"https:\/\/cipead.ufpr.br\/index.php\/wp-json\/wp\/v2\/media?parent=9832"}],"wp:term":[{"taxonomy":"category","embeddable":true,"href":"https:\/\/cipead.ufpr.br\/index.php\/wp-json\/wp\/v2\/categories?post=9832"},{"taxonomy":"post_tag","embeddable":true,"href":"https:\/\/cipead.ufpr.br\/index.php\/wp-json\/wp\/v2\/tags?post=9832"}],"curies":[{"name":"wp","href":"https:\/\/api.w.org\/{rel}","templated":true}]}}